{"id":109456,"date":"2020-06-27T11:00:56","date_gmt":"2020-06-27T09:00:56","guid":{"rendered":"http:\/\/www.tucomarca.com\/wordpress\/segunda\/?p=109456"},"modified":"2020-06-28T11:51:39","modified_gmt":"2020-06-28T09:51:39","slug":"siete-aguas-celebra-este-ano-la-festividad-de-su-patron-solo-con-una-misa-y-guardando-todas-las-medidas-de-seguridad","status":"publish","type":"post","link":"https:\/\/www.tucomarca.com\/wordpress\/segunda\/siete-aguas-celebra-este-ano-la-festividad-de-su-patron-solo-con-una-misa-y-guardando-todas-las-medidas-de-seguridad\/","title":{"rendered":"Siete Aguas celebra este a\u00f1o la festividad de su patr\u00f3n s\u00f3lo con una misa y guardando todas las medidas de seguridad"},"content":{"rendered":"\n<p>La poblaci\u00f3n de Siete Aguas ha celebrado este a\u00f1o de una manera muy diferente la onom\u00e1stica de su patr\u00f3n, San Juan Bautista. <\/p>\n\n\n\n<p>\u00abEl pasado d\u00eda 24 celebramos el d\u00eda de San Juan de forma at\u00edpica, dadas las circunstancias\u00bb, tal como ha explicado la alcaldesa de la localidad, Teresa Hern\u00e1ndez. <\/p>\n\n\n\n<p>\u00abS\u00f3lo celebramos la misa, a la que acudimos la corporaci\u00f3n municipal, la Guardia Civil y la Polic\u00eda Local\u00bb, ha a\u00f1adido la primera edil.<\/p>\n\n\n\n<p>\u00abFue una celebraci\u00f3n diferente pero muy emotiva. Quisiera agradecer a todas las personas asistentes el buen comportamiento, guardando la distancia de seguridad y utilizando las mascarillas\u00bb, como ha subrayado la alcaldesa.<\/p>\n","protected":false},"excerpt":{"rendered":"<div class=\"mh-excerpt\">La poblaci\u00f3n de Siete Aguas ha celebrado este a\u00f1o de una manera muy diferente la onom\u00e1stica de su patr\u00f3n, San Juan Bautista. \u00abEl pasado d\u00eda 24 celebramos el d\u00eda de San Juan de forma at\u00edpica, <a class=\"mh-excerpt-more\" href=\"https:\/\/www.tucomarca.com\/wordpress\/segunda\/siete-aguas-celebra-este-ano-la-festividad-de-su-patron-solo-con-una-misa-y-guardando-todas-las-medidas-de-seguridad\/\" title=\"Siete Aguas celebra este a\u00f1o la festividad de su patr\u00f3n s\u00f3lo con una misa y guardando todas las medidas de seguridad\">[+] <\/a><\/div>\n","protected":false},"author":1,"featured_media":109458,"comment_status":"open","ping_status":"open","sticky":false,"template":"","format":"standard","meta":{"footnotes":""},"categories":[12201,128,8,10,5,142,383,3,12,45],"tags":[11937,11938,11951,8070,10381],"class_list":{"0":"post-109456","1":"post","2":"type-post","3":"status-publish","4":"format-standard","5":"has-post-thumbnail","7":"category-covid-19","8":"category-infraestructuras","9":"category-la-comarca","10":"category-la-hoya","11":"category-la-semana-en-imagenes","12":"category-politica-la-comarca","13":"category-pueblos-en-fiestas","14":"category-seccion","15":"category-siete-aguas","16":"category-ventana","17":"tag-coronavirus","18":"tag-covid-19","19":"tag-covid2019","20":"tag-san-juan","21":"tag-siete-aguas"},"_links":{"self":[{"href":"https:\/\/www.tucomarca.com\/wordpress\/segunda\/wp-json\/wp\/v2\/posts\/109456","targetHints":{"allow":["GET"]}}],"collection":[{"href":"https:\/\/www.tucomarca.com\/wordpress\/segunda\/wp-json\/wp\/v2\/posts"}],"about":[{"href":"https:\/\/www.tucomarca.com\/wordpress\/segunda\/wp-json\/wp\/v2\/types\/post"}],"author":[{"embeddable":true,"href":"https:\/\/www.tucomarca.com\/wordpress\/segunda\/wp-json\/wp\/v2\/users\/1"}],"replies":[{"embeddable":true,"href":"https:\/\/www.tucomarca.com\/wordpress\/segunda\/wp-json\/wp\/v2\/comments?post=109456"}],"version-history":[{"count":0,"href":"https:\/\/www.tucomarca.com\/wordpress\/segunda\/wp-json\/wp\/v2\/posts\/109456\/revisions"}],"wp:featuredmedia":[{"embeddable":true,"href":"https:\/\/www.tucomarca.com\/wordpress\/segunda\/wp-json\/wp\/v2\/media\/109458"}],"wp:attachment":[{"href":"https:\/\/www.tucomarca.com\/wordpress\/segunda\/wp-json\/wp\/v2\/media?parent=109456"}],"wp:term":[{"taxonomy":"category","embeddable":true,"href":"https:\/\/www.tucomarca.com\/wordpress\/segunda\/wp-json\/wp\/v2\/categories?post=109456"},{"taxonomy":"post_tag","embeddable":true,"href":"https:\/\/www.tucomarca.com\/wordpress\/segunda\/wp-json\/wp\/v2\/tags?post=109456"}],"curies":[{"name":"wp","href":"https:\/\/api.w.org\/{rel}","templated":true}]}}