{"id":109457,"date":"2020-06-29T21:05:11","date_gmt":"2020-06-29T19:05:11","guid":{"rendered":"http:\/\/www.tucomarca.com\/wordpress\/segunda\/?p=109457"},"modified":"2020-06-30T09:02:33","modified_gmt":"2020-06-30T07:02:33","slug":"justicia-inicia-la-redaccion-del-proyecto-de-ejecucion-de-las-obras-de-construccion-del-palacio-de-justicia-de-lliria","status":"publish","type":"post","link":"https:\/\/www.tucomarca.com\/wordpress\/segunda\/justicia-inicia-la-redaccion-del-proyecto-de-ejecucion-de-las-obras-de-construccion-del-palacio-de-justicia-de-lliria\/","title":{"rendered":"Justicia inicia la redacci\u00f3n del proyecto de ejecuci\u00f3n de las obras de construcci\u00f3n del Palacio de Justicia de Ll\u00edria"},"content":{"rendered":"\n<p><strong>La nueva sede judicial est\u00e1 incluida en el Plan de Infraestructuras Judiciales de la Comunitat Valenciana y cuenta con una inversi\u00f3n de 17 millones<\/strong><\/p>\n\n\n\n<p>La Conselleria de Justicia, Interior y Administraci\u00f3n P\u00fablica inicia la redacci\u00f3n del proyecto de ejecuci\u00f3n de las obras de construcci\u00f3n del Palacio de Justicia de Ll\u00edria que servir\u00e1 de base para la licitaci\u00f3n de las obras.&nbsp;<\/p>\n\n\n\n<p>La Conselleria de Justicia ha finalizado y aprobado el proyecto b\u00e1sico de la redacci\u00f3n del proyecto de obras para la construcci\u00f3n de la nueva sede judicial en la capital del Camp de T\u00faria. As\u00ed, esta semana, se ha solicitado al Ayuntamiento de Ll\u00edria la licencia de obras para la construcci\u00f3n de las nuevas infraestructuras judiciales.&nbsp;<\/p>\n\n\n\n<p>El pasado mes de noviembre, la Conselleria que dirige Gabriela Bravo, adjudic\u00f3 la redacci\u00f3n del proyecto y la direcci\u00f3n de obras del nuevo Palacio de Justicia de Ll\u00edria por un importe de 471.900 euros.&nbsp;<\/p>\n\n\n\n<p>Esta inversi\u00f3n se materializar\u00e1 entre 2020 y 2022 en el proyecto b\u00e1sico y de ejecuci\u00f3n, as\u00ed como la direcci\u00f3n de obra una vez est\u00e9n adjudicadas las obras.&nbsp;<\/p>\n\n\n\n<p><strong>Nuevo palacio de Justicia<\/strong><\/p>\n\n\n\n<p>El nuevo Palacio de Justicia se ubicar\u00e1 en una parcela de 2.050 metros cuadrados en la calle B\u00e9tera de Ll\u00edria (frente a los actuales juzgados). Se trata, seg\u00fan el proyecto, de un edificio de 6 plantas de altura, adem\u00e1s de planta baja y dos s\u00f3tanos, funcional y eficiente energ\u00e9ticamente.&nbsp;<\/p>\n\n\n\n<p>En la actualidad la sede judicial cuenta con siete juzgados que presenta deficiencias de espacio, una planta baja alquilada y la Oficina de Asistencia a las V\u00edctimas del Delito ubicada en el centro municipal Multiusos.&nbsp;<\/p>\n\n\n\n<p>Con el nuevo inmueble se pretende la unificaci\u00f3n de todas las dependencias judiciales. El proyecto incluye la totalidad de los actuales juzgados y prev\u00e9 la creaci\u00f3n de nuevos \u00f3rganos judiciales, as\u00ed como, las oficinas del Registro Civil, cl\u00ednica m\u00e9dico forense, Oficina de Asistencia a las v\u00edctimas, equipos psicosociales, instalaciones para la Fiscal\u00eda, juzgado de guardia y calabozos.&nbsp;<\/p>\n\n\n\n<p>De esta forma, las nuevas dependencias judiciales permitir\u00e1n a los profesionales del Palacio de Justicia trabajar en unas condiciones de espacio \u00f3ptimas.&nbsp;<\/p>\n\n\n\n<p>La construcci\u00f3n del nuevo Palacio de Justicia de Ll\u00edria se incluye en el Plan de Infraestructuras de la Comunitat Valenciana y contempla una inversi\u00f3n de 17 millones de euros hasta el a\u00f1o 2022.<\/p>\n","protected":false},"excerpt":{"rendered":"<div class=\"mh-excerpt\">La nueva sede judicial est\u00e1 incluida en el Plan de Infraestructuras Judiciales de la Comunitat Valenciana y cuenta con una inversi\u00f3n de 17 millones La Conselleria de Justicia, Interior y Administraci\u00f3n P\u00fablica inicia la redacci\u00f3n <a class=\"mh-excerpt-more\" href=\"https:\/\/www.tucomarca.com\/wordpress\/segunda\/justicia-inicia-la-redaccion-del-proyecto-de-ejecucion-de-las-obras-de-construccion-del-palacio-de-justicia-de-lliria\/\" title=\"Justicia inicia la redacci\u00f3n del proyecto de ejecuci\u00f3n de las obras de construcci\u00f3n del Palacio de Justicia de Ll\u00edria\">[+] <\/a><\/div>\n","protected":false},"author":12,"featured_media":81445,"comment_status":"open","ping_status":"open","sticky":false,"template":"","format":"standard","meta":{"footnotes":""},"categories":[46,128,8,47,142,3,45],"tags":[10395,10396,12328],"class_list":{"0":"post-109457","1":"post","2":"type-post","3":"status-publish","4":"format-standard","5":"has-post-thumbnail","7":"category-camp-de-turia","8":"category-infraestructuras","9":"category-la-comarca","10":"category-lliria","11":"category-politica-la-comarca","12":"category-seccion","13":"category-ventana","14":"tag-camp-de-turia","15":"tag-lliria","16":"tag-palacio-de-justicia-de-lliria"},"_links":{"self":[{"href":"https:\/\/www.tucomarca.com\/wordpress\/segunda\/wp-json\/wp\/v2\/posts\/109457","targetHints":{"allow":["GET"]}}],"collection":[{"href":"https:\/\/www.tucomarca.com\/wordpress\/segunda\/wp-json\/wp\/v2\/posts"}],"about":[{"href":"https:\/\/www.tucomarca.com\/wordpress\/segunda\/wp-json\/wp\/v2\/types\/post"}],"author":[{"embeddable":true,"href":"https:\/\/www.tucomarca.com\/wordpress\/segunda\/wp-json\/wp\/v2\/users\/12"}],"replies":[{"embeddable":true,"href":"https:\/\/www.tucomarca.com\/wordpress\/segunda\/wp-json\/wp\/v2\/comments?post=109457"}],"version-history":[{"count":0,"href":"https:\/\/www.tucomarca.com\/wordpress\/segunda\/wp-json\/wp\/v2\/posts\/109457\/revisions"}],"wp:featuredmedia":[{"embeddable":true,"href":"https:\/\/www.tucomarca.com\/wordpress\/segunda\/wp-json\/wp\/v2\/media\/81445"}],"wp:attachment":[{"href":"https:\/\/www.tucomarca.com\/wordpress\/segunda\/wp-json\/wp\/v2\/media?parent=109457"}],"wp:term":[{"taxonomy":"category","embeddable":true,"href":"https:\/\/www.tucomarca.com\/wordpress\/segunda\/wp-json\/wp\/v2\/categories?post=109457"},{"taxonomy":"post_tag","embeddable":true,"href":"https:\/\/www.tucomarca.com\/wordpress\/segunda\/wp-json\/wp\/v2\/tags?post=109457"}],"curies":[{"name":"wp","href":"https:\/\/api.w.org\/{rel}","templated":true}]}}