{"id":109474,"date":"2020-06-29T21:00:17","date_gmt":"2020-06-29T19:00:17","guid":{"rendered":"http:\/\/www.tucomarca.com\/wordpress\/segunda\/?p=109474"},"modified":"2020-06-30T09:00:10","modified_gmt":"2020-06-30T07:00:10","slug":"los-alcaldes-del-pp-en-la-provincia-de-valencia-exigen-a-la-delegada-del-gobierno-un-protocolo-de-actuacion-en-actos-multitudinarios","status":"publish","type":"post","link":"https:\/\/www.tucomarca.com\/wordpress\/segunda\/los-alcaldes-del-pp-en-la-provincia-de-valencia-exigen-a-la-delegada-del-gobierno-un-protocolo-de-actuacion-en-actos-multitudinarios\/","title":{"rendered":"Los alcaldes del PP en la provincia de Valencia exigen a la delegada del Gobierno un protocolo de actuaci\u00f3n en actos multitudinarios"},"content":{"rendered":"\n<p>El Grupo Popular en la Diputaci\u00f3n de Valencia ha coordinado las peticiones de todos los alcaldes del Partido Popular en la provincia para que se establezca un protocolo de actuaci\u00f3n en actos multitudinarios. La finalizaci\u00f3n del estado de alarma ha dejado un vac\u00edo regulador de \u00e9sta y otras cuestiones que han de resolver los alcaldes sin unas garant\u00edas m\u00ednimas.<\/p>\n\n\n\n<p>Por ello, los alcaldes han reclamado a la Delegaci\u00f3n del Gobierno en la Comunidad Valenciana, con Gloria Calero a la cabeza, que establezca una gu\u00eda marco y un cat\u00e1logo \u2013contando con la participaci\u00f3n de los ayuntamientos\u2013 que contenga instrucciones precisas sobre qu\u00e9 se puede hacer y qu\u00e9 no en los eventos multitudinarios que se celebran durante el periodo estival en los 266 municipios de Valencia.<\/p>\n\n\n\n<p>En la carta remitida a la delegada del Gobierno, los alcaldes del PP en la provincia explican que las entidades locales deben empezar a trabajar ya de manera coordinada para adoptar las medidas necesarias que garanticen al m\u00e1ximo la seguridad de las personas.<\/p>\n\n\n\n<p>Este protocolo detallado ya fue reclamado a la Generalitat por los alcaldes y por el Grupo Popular en la Diputaci\u00f3n para que los alcaldes pudieran decidir sobre la conveniencia o no de la celebraci\u00f3n de las fiestas mayores de sus municipios durante los pr\u00f3ximos meses atendiendo a la extensi\u00f3n de la pandemia por coronavirus en la provincia.<\/p>\n\n\n\n<p>Son muchas las fiestas patronales que se celebran coincidiendo con el&nbsp; periodo veraniego y a d\u00eda de hoy los alcaldes est\u00e1n teniendo que tomar decisiones sobre la cancelaci\u00f3n de actos festivos \u00aba ciegas\u00bb y sin apenas indicaciones oficiales.<\/p>\n\n\n\n<p>En el escenario actual todos los responsables municipales, sean alcaldes o concejales, se plantean serias dudas sobre la posibilidad o no de llevar a cabo la celebraci\u00f3n de las fiestas patronales, ya que lo primero es garantizar la seguridad de los vecinos.<\/p>\n\n\n\n<p>Por ello, tanto desde la Diputaci\u00f3n como en todos los ayuntamientos, el Partido Popular est\u00e1 impulsando mociones reclamando la informaci\u00f3n precisa para evitar que las aglomeraciones durante los festejos puedan favorecer la extensi\u00f3n de los contagios por COVID-19.<\/p>\n\n\n\n<p>Son las autoridades sanitarias las que deben marcar la pauta de las restricciones impuestas y siendo conscientes de que el final del estado de alarma \u00abno supondr\u00e1 una vuelta a la normalidad\u00bb los populares piden los detalles de las medidas que se van a adoptar en relaci\u00f3n a actos multitudinarios y la celebraci\u00f3n condicionada de los mismos.<\/p>\n\n\n\n<p><strong>Apertura de las piscinas<\/strong><\/p>\n\n\n\n<p>En el mismo sentido, se reclama una gu\u00eda precisa sobre el uso de piscinas p\u00fablicas para establecer medidas nuevas de higiene en las zonas comunes tales como realizar la desinfecci\u00f3n diaria y las normas de distanciamiento social.<\/p>\n\n\n\n<p>La autorizaci\u00f3n de su apertura, aunque con restricciones, implica un trabajo administrativo interno en todos los ayuntamientos que deber\u00eda estar contemplando la contrataci\u00f3n de personal y servicios para poner las piscinas en funcionamiento.<\/p>\n\n\n\n<p>Es necesario regular c\u00f3mo hay que gestionar este servicio durante el verano, de manera que todos los municipios sigan las mismas pautas y criterios&nbsp;sobre apertura, condiciones y durante cu\u00e1nto tiempo.<\/p>\n\n\n\n<p>Del mismo modo, los alcaldes advierten que al margen de fiestas patronales y uso de piscinas p\u00fablicas, tambi\u00e9n tienen que analizar y necesitan saber c\u00f3mo actuar \u2013siguiendo instrucciones detalladas\u2013 en los campamentos juveniles, actos de ocio, zonas de ba\u00f1o en la playa o en el interior, eventos deportivos, conciertos musicales o fiestas de \u201cbous al carrer\u201d, entre otras actividades.<\/p>\n","protected":false},"excerpt":{"rendered":"<div class=\"mh-excerpt\">El Grupo Popular en la Diputaci\u00f3n de Valencia ha coordinado las peticiones de todos los alcaldes del Partido Popular en la provincia para que se establezca un protocolo de actuaci\u00f3n en actos multitudinarios. La finalizaci\u00f3n <a class=\"mh-excerpt-more\" href=\"https:\/\/www.tucomarca.com\/wordpress\/segunda\/los-alcaldes-del-pp-en-la-provincia-de-valencia-exigen-a-la-delegada-del-gobierno-un-protocolo-de-actuacion-en-actos-multitudinarios\/\" title=\"Los alcaldes del PP en la provincia de Valencia exigen a la delegada del Gobierno un protocolo de actuaci\u00f3n en actos multitudinarios\">[+] <\/a><\/div>\n","protected":false},"author":1,"featured_media":86314,"comment_status":"open","ping_status":"open","sticky":false,"template":"","format":"standard","meta":{"footnotes":""},"categories":[119,12201,128,8,72,117,142,3],"tags":[11937,11938,11951,12334,5500],"class_list":{"0":"post-109474","1":"post","2":"type-post","3":"status-publish","4":"format-standard","5":"has-post-thumbnail","7":"category-sanidad-la-comarca","8":"category-covid-19","9":"category-infraestructuras","10":"category-la-comarca","11":"category-sin-categorizar","12":"category-medio-ambiente-la-comarca","13":"category-politica-la-comarca","14":"category-seccion","15":"tag-coronavirus","16":"tag-covid-19","17":"tag-covid2019","18":"tag-delegacion-del-gobierno","19":"tag-ppcv"},"_links":{"self":[{"href":"https:\/\/www.tucomarca.com\/wordpress\/segunda\/wp-json\/wp\/v2\/posts\/109474","targetHints":{"allow":["GET"]}}],"collection":[{"href":"https:\/\/www.tucomarca.com\/wordpress\/segunda\/wp-json\/wp\/v2\/posts"}],"about":[{"href":"https:\/\/www.tucomarca.com\/wordpress\/segunda\/wp-json\/wp\/v2\/types\/post"}],"author":[{"embeddable":true,"href":"https:\/\/www.tucomarca.com\/wordpress\/segunda\/wp-json\/wp\/v2\/users\/1"}],"replies":[{"embeddable":true,"href":"https:\/\/www.tucomarca.com\/wordpress\/segunda\/wp-json\/wp\/v2\/comments?post=109474"}],"version-history":[{"count":0,"href":"https:\/\/www.tucomarca.com\/wordpress\/segunda\/wp-json\/wp\/v2\/posts\/109474\/revisions"}],"wp:featuredmedia":[{"embeddable":true,"href":"https:\/\/www.tucomarca.com\/wordpress\/segunda\/wp-json\/wp\/v2\/media\/86314"}],"wp:attachment":[{"href":"https:\/\/www.tucomarca.com\/wordpress\/segunda\/wp-json\/wp\/v2\/media?parent=109474"}],"wp:term":[{"taxonomy":"category","embeddable":true,"href":"https:\/\/www.tucomarca.com\/wordpress\/segunda\/wp-json\/wp\/v2\/categories?post=109474"},{"taxonomy":"post_tag","embeddable":true,"href":"https:\/\/www.tucomarca.com\/wordpress\/segunda\/wp-json\/wp\/v2\/tags?post=109474"}],"curies":[{"name":"wp","href":"https:\/\/api.w.org\/{rel}","templated":true}]}}