{"id":109484,"date":"2020-06-29T23:15:19","date_gmt":"2020-06-29T21:15:19","guid":{"rendered":"http:\/\/www.tucomarca.com\/wordpress\/segunda\/?p=109484"},"modified":"2020-06-30T09:07:57","modified_gmt":"2020-06-30T07:07:57","slug":"se-abre-el-plazo-de-matricula-de-los-cursos-de-la-primera-fase-del-centro-de-formacion-de-personas-adultas-de-cheste","status":"publish","type":"post","link":"https:\/\/www.tucomarca.com\/wordpress\/segunda\/se-abre-el-plazo-de-matricula-de-los-cursos-de-la-primera-fase-del-centro-de-formacion-de-personas-adultas-de-cheste\/","title":{"rendered":"Se abre el plazo de matr\u00edcula de los cursos de la primera fase del Centro de Formaci\u00f3n de Personas Adultas de Cheste"},"content":{"rendered":"\n<p>A partir de este martes, 30 de junio, las personas interesadas en los cursos de la primera fase del Centro de Formaci\u00f3n de Personas Adultas de Cheste podr\u00e1n realizar la matr\u00edcula, que se mantendr\u00e1 abierta hasta el 10 de julio.<\/p>\n\n\n\n<p>La inscripci\u00f3n se realizar\u00e1 por v\u00eda telef\u00f3nica o por correo electr\u00f3nico para evitar posibles contagios.<\/p>\n\n\n\n<p>Los cursos ofertados en esta primera fase abarcan la formaci\u00f3n b\u00e1sica, las competencias clave de nivel 2 de los Certificados de Profesionalidad y los accesos a Universidad y Formaci\u00f3n Profesional, as\u00ed como el Valenciano y el Castellano.<\/p>\n\n\n\n<p>La matr\u00edcula de los cursos y talleres ofertados en la segunda fase se realizar\u00e1 durante el mes de septiembre.<\/p>\n\n\n\n<p><strong>Inscripci\u00f3n<\/strong><\/p>\n\n\n\n<ul class=\"wp-block-list\"><li>Por tel\u00e9fono en el 96 251 03 00, de lunes a viernes y de 11 a 14 horas.<\/li><li>A trav\u00e9s del correo electr\u00f3nico matricula@cfpacheste.es, enviando nombre completo, tel\u00e9fono, fecha de nacimiento y curso. Desde el CFPA se contactar\u00e1 con las personas que env\u00eden sus datos.<\/li><\/ul>\n\n\n\n<p><strong>Oferta<\/strong><\/p>\n\n\n\n<ul class=\"wp-block-list\"><li>Formaci\u00f3n B\u00e1sica: Afabetizaci\u00f3n\/Neolectores\/Educaci\u00f3n de Base, Graduado en ESO.<\/li><li>Preparaci\u00f3n de competencias clave de nivel 2 de certificado de profesionalidad de LABORA.<\/li><li>Acceso a la Universidad para mayores de 25 y de 45 a\u00f1os.<\/li><li>Acceso a Ciclos Formativos de Grado Medio y Superior.<\/li><li>Cursos de Valenciano para preparar la prueba de la JQCV.<\/li><\/ul>\n","protected":false},"excerpt":{"rendered":"<div class=\"mh-excerpt\">A partir de este martes, 30 de junio, las personas interesadas en los cursos de la primera fase del Centro de Formaci\u00f3n de Personas Adultas de Cheste podr\u00e1n realizar la matr\u00edcula, que se mantendr\u00e1 abierta <a class=\"mh-excerpt-more\" href=\"https:\/\/www.tucomarca.com\/wordpress\/segunda\/se-abre-el-plazo-de-matricula-de-los-cursos-de-la-primera-fase-del-centro-de-formacion-de-personas-adultas-de-cheste\/\" title=\"Se abre el plazo de matr\u00edcula de los cursos de la primera fase del Centro de Formaci\u00f3n de Personas Adultas de Cheste\">[+] <\/a><\/div>\n","protected":false},"author":12,"featured_media":57435,"comment_status":"open","ping_status":"open","sticky":false,"template":"","format":"standard","meta":{"footnotes":""},"categories":[17,128,8,10,7,3],"tags":[10470,12332,5952],"class_list":{"0":"post-109484","1":"post","2":"type-post","3":"status-publish","4":"format-standard","5":"has-post-thumbnail","7":"category-cheste","8":"category-infraestructuras","9":"category-la-comarca","10":"category-la-hoya","11":"category-ocio-y-cultura","12":"category-seccion","13":"tag-ayuntamiento-de-cheste","14":"tag-cfpa-cheste","15":"tag-la-hoya-de-bunol-chiva"},"_links":{"self":[{"href":"https:\/\/www.tucomarca.com\/wordpress\/segunda\/wp-json\/wp\/v2\/posts\/109484","targetHints":{"allow":["GET"]}}],"collection":[{"href":"https:\/\/www.tucomarca.com\/wordpress\/segunda\/wp-json\/wp\/v2\/posts"}],"about":[{"href":"https:\/\/www.tucomarca.com\/wordpress\/segunda\/wp-json\/wp\/v2\/types\/post"}],"author":[{"embeddable":true,"href":"https:\/\/www.tucomarca.com\/wordpress\/segunda\/wp-json\/wp\/v2\/users\/12"}],"replies":[{"embeddable":true,"href":"https:\/\/www.tucomarca.com\/wordpress\/segunda\/wp-json\/wp\/v2\/comments?post=109484"}],"version-history":[{"count":0,"href":"https:\/\/www.tucomarca.com\/wordpress\/segunda\/wp-json\/wp\/v2\/posts\/109484\/revisions"}],"wp:featuredmedia":[{"embeddable":true,"href":"https:\/\/www.tucomarca.com\/wordpress\/segunda\/wp-json\/wp\/v2\/media\/57435"}],"wp:attachment":[{"href":"https:\/\/www.tucomarca.com\/wordpress\/segunda\/wp-json\/wp\/v2\/media?parent=109484"}],"wp:term":[{"taxonomy":"category","embeddable":true,"href":"https:\/\/www.tucomarca.com\/wordpress\/segunda\/wp-json\/wp\/v2\/categories?post=109484"},{"taxonomy":"post_tag","embeddable":true,"href":"https:\/\/www.tucomarca.com\/wordpress\/segunda\/wp-json\/wp\/v2\/tags?post=109484"}],"curies":[{"name":"wp","href":"https:\/\/api.w.org\/{rel}","templated":true}]}}