{"id":109494,"date":"2020-06-30T11:00:26","date_gmt":"2020-06-30T09:00:26","guid":{"rendered":"http:\/\/www.tucomarca.com\/wordpress\/segunda\/?p=109494"},"modified":"2020-06-30T14:20:06","modified_gmt":"2020-06-30T12:20:06","slug":"segundo-dia-sin-que-se-registren-fallecimientos-por-coronavirus-en-la-comunitat-valenciana","status":"publish","type":"post","link":"https:\/\/www.tucomarca.com\/wordpress\/segunda\/segundo-dia-sin-que-se-registren-fallecimientos-por-coronavirus-en-la-comunitat-valenciana\/","title":{"rendered":"Segundo d\u00eda sin que se registren fallecimientos por coronavirus en la Comunitat Valenciana"},"content":{"rendered":"\n<p><strong class=\"\">La provincia de Castell\u00f3n cumple 11 d\u00edas seguidos sin registrar fallecidos por coronavirus<\/strong><\/p>\n\n\n\n<p>La Comunitat Valenciana no ha registrado, por segundo d\u00eda consecutivo, ning\u00fan fallecimiento por coronavirus, por lo que el total contin\u00faa en 1.473 personas.<\/p>\n\n\n\n<p>Por su parte, las altas contin\u00faan en ascenso y se han registrado 22 desde la actualizaci\u00f3n de este domingo. En total son ya 14.728 las personas que se han curado desde que comenz\u00f3 la pandemia: 1.721 en la provincia de Castell\u00f3n, 5.032 en la de Alicante y 7.970 en la de Valencia. A ellas hay que sumar otras 5 correspondientes a personas desplazadas.<\/p>\n\n\n\n<p>En cuanto a casos positivos nuevos, desde la \u00faltima actualizaci\u00f3n se han detectado 4 casos a trav\u00e9s de PCR, que elevan a 11.543 el total de positivos desde que comenz\u00f3 la pandemia. La distribuci\u00f3n por provincias es la siguiente:<\/p>\n\n\n\n<ul class=\"wp-block-list\"><li>1 en Castell\u00f3n (1.606 en total)<\/li><li>0 en la provincia de Alicante (3.963 en total)<\/li><li>3 en la provincia de Valencia (5.970 en total)<\/li><li>4 no asignados (no nuevos)<\/li><\/ul>\n\n\n\n<p>En estos momentos quedan activos 2.099 casos, lo que supone un 11,4% del total de positivos.<\/p>\n\n\n\n<p>El n\u00famero de pacientes ingresados en los hospitales valencianos en estos momentos es de 57 personas, 7 de ellas en las Unidades de Cuidados Intensivos: 5 en la provincia de Castell\u00f3n, 1 de ellos en UCI; 24 en la provincia de Alicante, de ellos 4 en la UCI; y 28 en la provincia de Valencia, de ellos 2 en la UCI.<\/p>\n\n\n\n<p>El n\u00famero de altas de profesionales sanitarios es de 2.285 y el n\u00famero total de positivos en profesionales en estos momentos es de 493.<\/p>\n\n\n\n<p>El n\u00famero total de pruebas llevadas a cabo para la detecci\u00f3n del coronavirus ha sido de 445.793, de las que 323.662 han sido a trav\u00e9s de PCR y 122.131 a trav\u00e9s de test r\u00e1pido.<\/p>\n\n\n\n<p><strong>Actualizaci\u00f3n de la situaci\u00f3n en residencias<\/strong><\/p>\n\n\n\n<p>Actualmente hay alg\u00fan caso positivo en 8 centros: 0 en la provincia de Castell\u00f3n, 1 en la de Alicante y 7 en la provincia de Valencia.<\/p>\n\n\n\n<ul class=\"wp-block-list\"><li>Residentes nuevos positivos: 2<\/li><li>Trabajadores nuevos positivos: 2<\/li><li>Residentes fallecidos: 0<\/li><\/ul>\n\n\n\n<p>En estos momentos, se encuentran bajo vigilancia activa de control sanitario 4 residencias en la Comunitat Valenciana: 0 en la provincia de Castell\u00f3n, 1 en la provincia de Alicante y 3 en la provincia de Valencia.<\/p>\n","protected":false},"excerpt":{"rendered":"<div class=\"mh-excerpt\">La provincia de Castell\u00f3n cumple 11 d\u00edas seguidos sin registrar fallecidos por coronavirus La Comunitat Valenciana no ha registrado, por segundo d\u00eda consecutivo, ning\u00fan fallecimiento por coronavirus, por lo que el total contin\u00faa en 1.473 <a class=\"mh-excerpt-more\" href=\"https:\/\/www.tucomarca.com\/wordpress\/segunda\/segundo-dia-sin-que-se-registren-fallecimientos-por-coronavirus-en-la-comunitat-valenciana\/\" title=\"Segundo d\u00eda sin que se registren fallecimientos por coronavirus en la Comunitat Valenciana\">[+] <\/a><\/div>\n","protected":false},"author":12,"featured_media":108111,"comment_status":"open","ping_status":"open","sticky":false,"template":"","format":"standard","meta":{"footnotes":""},"categories":[119,12201,128,8,72,117,142,3,116,45],"tags":[12337,10635,11937,11938],"class_list":{"0":"post-109494","1":"post","2":"type-post","3":"status-publish","4":"format-standard","5":"has-post-thumbnail","7":"category-sanidad-la-comarca","8":"category-covid-19","9":"category-infraestructuras","10":"category-la-comarca","11":"category-sin-categorizar","12":"category-medio-ambiente-la-comarca","13":"category-politica-la-comarca","14":"category-seccion","15":"category-sucesos-la-comarca","16":"category-ventana","17":"tag-ana-barcelo","18":"tag-conselleria-de-sanitat","19":"tag-coronavirus","20":"tag-covid-19"},"_links":{"self":[{"href":"https:\/\/www.tucomarca.com\/wordpress\/segunda\/wp-json\/wp\/v2\/posts\/109494","targetHints":{"allow":["GET"]}}],"collection":[{"href":"https:\/\/www.tucomarca.com\/wordpress\/segunda\/wp-json\/wp\/v2\/posts"}],"about":[{"href":"https:\/\/www.tucomarca.com\/wordpress\/segunda\/wp-json\/wp\/v2\/types\/post"}],"author":[{"embeddable":true,"href":"https:\/\/www.tucomarca.com\/wordpress\/segunda\/wp-json\/wp\/v2\/users\/12"}],"replies":[{"embeddable":true,"href":"https:\/\/www.tucomarca.com\/wordpress\/segunda\/wp-json\/wp\/v2\/comments?post=109494"}],"version-history":[{"count":0,"href":"https:\/\/www.tucomarca.com\/wordpress\/segunda\/wp-json\/wp\/v2\/posts\/109494\/revisions"}],"wp:featuredmedia":[{"embeddable":true,"href":"https:\/\/www.tucomarca.com\/wordpress\/segunda\/wp-json\/wp\/v2\/media\/108111"}],"wp:attachment":[{"href":"https:\/\/www.tucomarca.com\/wordpress\/segunda\/wp-json\/wp\/v2\/media?parent=109494"}],"wp:term":[{"taxonomy":"category","embeddable":true,"href":"https:\/\/www.tucomarca.com\/wordpress\/segunda\/wp-json\/wp\/v2\/categories?post=109494"},{"taxonomy":"post_tag","embeddable":true,"href":"https:\/\/www.tucomarca.com\/wordpress\/segunda\/wp-json\/wp\/v2\/tags?post=109494"}],"curies":[{"name":"wp","href":"https:\/\/api.w.org\/{rel}","templated":true}]}}