{"id":109504,"date":"2020-06-30T12:00:30","date_gmt":"2020-06-30T10:00:30","guid":{"rendered":"http:\/\/www.tucomarca.com\/wordpress\/segunda\/?p=109504"},"modified":"2020-06-30T15:17:22","modified_gmt":"2020-06-30T13:17:22","slug":"el-ayuntamiento-de-bunol-prohibe-el-bano-en-la-cueva-turche-para-evitar-la-saturacion","status":"publish","type":"post","link":"https:\/\/www.tucomarca.com\/wordpress\/segunda\/el-ayuntamiento-de-bunol-prohibe-el-bano-en-la-cueva-turche-para-evitar-la-saturacion\/","title":{"rendered":"El Ayuntamiento de Bu\u00f1ol prohibe el ba\u00f1o en la cueva Turche para evitar la saturaci\u00f3n"},"content":{"rendered":"\n<p>El Ayuntamiento de Bu\u00f1ol celebr\u00f3 en la tarde de ayer, lunes, la sesi\u00f3n plenaria ordinaria correspondiente al mes de junio donde la concejala de Medio Ambiente, Mati Mas, explic\u00f3 \u00abante las informaciones y quejas aparecidas por la saturaci\u00f3n de la cueva Turche\u00bb que se ha empezado la tramitaci\u00f3n como Paraje Natural municipal de Turche \u00abpara as\u00ed solucionar el aforo y las zonas de parking\u00bb. La alcaldesa, Juncal Carrascosa, a\u00f1adi\u00f3 que en el corto plazo \u00abse pueden tomar medidas y anunci\u00f3 para hoy, martes, un decreto de alcald\u00eda para el cierre de uso l\u00fadico y el ba\u00f1o, que la Delegaci\u00f3n del Gobierno deber\u00e1 hacer cumplir a trav\u00e9s de la Guardia Civil\u00bb.<\/p>\n\n\n\n<p>Tras la aprobaci\u00f3n del acta de la sesi\u00f3n de mayo, adem\u00e1s en el pleno se aprob\u00f3 por unanimidad una modificaci\u00f3n en la tasa de la gr\u00faa, para incorporar la posibilidad de que este servicio se desplace y realice en el enganche del veh\u00edculo pero no lo retire al estar presente su propietario, como explic\u00f3 la edil Mar\u00eda Vall\u00e9s.<\/p>\n\n\n\n<p>En tercer lugar se aprob\u00f3 una modificaci\u00f3n en la ordenanza reguladora de las bases para la concesi\u00f3n de ayudas para la adquisici\u00f3n de libros escolares y material escolar. La modificaci\u00f3n, explicada por Carlos Xerri, supone eliminar el requisito de pedir la declaraci\u00f3n de la renta, al ser la ayuda de 50 euros, y complicar la tramitaci\u00f3n. Se aprob\u00f3 por unanimidad.<\/p>\n\n\n\n<p>En cuarto lugar se aprob\u00f3 por 9 votos a favor y 3 en contra del PP la moci\u00f3n del grupo municipal de Esquerra Unida para proponer a Vicent Albert Gabarda Cedell\u00e1n como candidato para la pr\u00f3xima edici\u00f3n de los premios 9 de octubre de la Generalitat Valenciana.<\/p>\n\n\n\n<p>En quinto lugar se aprob\u00f3 la propuesta de acuerdo del D\u00eda del Orgullo LGTBI celebrado el pasado domingo, y que cont\u00f3 con 9 votos a favor y 3 abstenciones de los ediles del PP. La moci\u00f3n la defendi\u00f3 la edil Tania Carrascosa.<\/p>\n\n\n\n<p>Adem\u00e1s desde la oposici\u00f3n se pregunt\u00f3 por el destino de una modificaci\u00f3n de cr\u00e9dito de 24.000 euros y su destino. Los ediles del Gobierno explicaron que 8.000 euros son para educaci\u00f3n por un error en el presupuesto, que se disminuy\u00f3 en esa cantidad y hab\u00eda que subsanarlo; otros 8.000 euros son como aportaci\u00f3n al <\/p>\n\n\n\n<p>Plan de Gobernanza Tur\u00edstica de la Mancomunidad; y los \u00faltimos 8.000 euros son para contribuir al estudio econ\u00f3mico de la Mancomunidad sobre el plan de residuos de la comarca.<\/p>\n\n\n\n<p>Tambien se pregunt\u00f3 por la pr\u00f3rroga del contrato de gesti\u00f3n y recogida de la basura. Se prorroga para 1 a\u00f1o, seg\u00fan confirm\u00f3 Rafa P\u00e9rez; y por una factura de 5.402 euros de un curso impartido hace m\u00e1s de un a\u00f1o en el conservatorio. Juncal Carrascosa explic\u00f3 que se recurri\u00f3 a una empresa para cubrir la baja repentina de un profesor de trompeta mientras se sacaba a concurso la plaza.<\/p>\n\n\n\n<p>En el pen\u00faltimo punto del orden del d\u00eda la alcaldesa, Juncal Carrascosa, dio cuenta de la distinci\u00f3n concedida al Ayuntamiento de Bu\u00f1ol por la Academia Valenciana de la M\u00fasica por su promoci\u00f3n y difusi\u00f3n de la m\u00fasica de banda.<\/p>\n\n\n\n<p><strong>Ruegos y preguntas<\/strong><\/p>\n\n\n\n<p>En el apartado de ruegos y preguntas desde la oposici\u00f3n se pregunt\u00f3 por el conservatorio de m\u00fasica, la cueva Turche; la piscina municipal; as\u00ed como por la empresa p\u00fablica Buinsa.<\/p>\n\n\n\n<p>Tambi\u00e9n se pregunt\u00f3 al edil Rafa P\u00e9rez por las zonas de segunda residencia y la recogida de las basuras, para pedir una mayor frecuencia de recogida puesto que con la situaci\u00f3n de la pandemia se ha incrementado la poblaci\u00f3n en los diseminados. El concejal explic\u00f3 c\u00f3mo se hace la recogida, \u00abaumentando el doble los kilos de residuos que se han tratado fuera del casco urbano en \u00e9poca de pandemia y en la actualidad. En la zona de R\u00edo Juanes se recoge jueves y domingo, en Turche domingo, lunes, mi\u00e9rcoles y viernes. En Cuatro Caminos los domingos, martes, jueves y viernes. Y en la Cabrera y Venta Mina se recoge lunes, mi\u00e9rcoles y viernes. Pero no recogen escombros y otros elementos que se tiran, eso se recoge con otro proceso y se persigue con multas porque no es el lugar para arrojarlos\u00bb.<\/p>\n","protected":false},"excerpt":{"rendered":"<div class=\"mh-excerpt\">El Ayuntamiento de Bu\u00f1ol celebr\u00f3 en la tarde de ayer, lunes, la sesi\u00f3n plenaria ordinaria correspondiente al mes de junio donde la concejala de Medio Ambiente, Mati Mas, explic\u00f3 \u00abante las informaciones y quejas aparecidas <a class=\"mh-excerpt-more\" href=\"https:\/\/www.tucomarca.com\/wordpress\/segunda\/el-ayuntamiento-de-bunol-prohibe-el-bano-en-la-cueva-turche-para-evitar-la-saturacion\/\" title=\"El Ayuntamiento de Bu\u00f1ol prohibe el ba\u00f1o en la cueva Turche para evitar la saturaci\u00f3n\">[+] <\/a><\/div>\n","protected":false},"author":12,"featured_media":109540,"comment_status":"open","ping_status":"open","sticky":false,"template":"","format":"standard","meta":{"footnotes":""},"categories":[18,8,10,142,3],"tags":[5335,5952,11718],"class_list":{"0":"post-109504","1":"post","2":"type-post","3":"status-publish","4":"format-standard","5":"has-post-thumbnail","7":"category-bunol","8":"category-la-comarca","9":"category-la-hoya","10":"category-politica-la-comarca","11":"category-seccion","12":"tag-ayuntamiento-de-bunol","13":"tag-la-hoya-de-bunol-chiva","14":"tag-orgullo-lgtbi"},"_links":{"self":[{"href":"https:\/\/www.tucomarca.com\/wordpress\/segunda\/wp-json\/wp\/v2\/posts\/109504","targetHints":{"allow":["GET"]}}],"collection":[{"href":"https:\/\/www.tucomarca.com\/wordpress\/segunda\/wp-json\/wp\/v2\/posts"}],"about":[{"href":"https:\/\/www.tucomarca.com\/wordpress\/segunda\/wp-json\/wp\/v2\/types\/post"}],"author":[{"embeddable":true,"href":"https:\/\/www.tucomarca.com\/wordpress\/segunda\/wp-json\/wp\/v2\/users\/12"}],"replies":[{"embeddable":true,"href":"https:\/\/www.tucomarca.com\/wordpress\/segunda\/wp-json\/wp\/v2\/comments?post=109504"}],"version-history":[{"count":0,"href":"https:\/\/www.tucomarca.com\/wordpress\/segunda\/wp-json\/wp\/v2\/posts\/109504\/revisions"}],"wp:featuredmedia":[{"embeddable":true,"href":"https:\/\/www.tucomarca.com\/wordpress\/segunda\/wp-json\/wp\/v2\/media\/109540"}],"wp:attachment":[{"href":"https:\/\/www.tucomarca.com\/wordpress\/segunda\/wp-json\/wp\/v2\/media?parent=109504"}],"wp:term":[{"taxonomy":"category","embeddable":true,"href":"https:\/\/www.tucomarca.com\/wordpress\/segunda\/wp-json\/wp\/v2\/categories?post=109504"},{"taxonomy":"post_tag","embeddable":true,"href":"https:\/\/www.tucomarca.com\/wordpress\/segunda\/wp-json\/wp\/v2\/tags?post=109504"}],"curies":[{"name":"wp","href":"https:\/\/api.w.org\/{rel}","templated":true}]}}