{"id":109520,"date":"2020-06-30T12:30:31","date_gmt":"2020-06-30T10:30:31","guid":{"rendered":"http:\/\/www.tucomarca.com\/wordpress\/segunda\/?p=109520"},"modified":"2020-06-30T15:23:54","modified_gmt":"2020-06-30T13:23:54","slug":"los-parques-infantiles-de-utiel-reabren-con-carteles-informativos-sobre-normas-de-uso","status":"publish","type":"post","link":"https:\/\/www.tucomarca.com\/wordpress\/segunda\/los-parques-infantiles-de-utiel-reabren-con-carteles-informativos-sobre-normas-de-uso\/","title":{"rendered":"Los parques infantiles de Utiel reabren con carteles informativos sobre normas de uso"},"content":{"rendered":"\n<p><strong>Las instalaciones se desinfectar\u00e1n dos veces al d\u00eda y deber\u00e1n cumplirse las medidas sanitarias establecidas en estos recintos infantiles<\/strong><\/p>\n\n\n\n<p>El Ayuntamiento de Utiel ha procedido hoy a la reapertura de los parques infantiles del municipio instalando paneles informativos en los que se indican las medidas de higiene y seguridad establecidas por las administraciones sanitarias para prevenir posibles contagios.<\/p>\n\n\n\n<p><strong>Normas de uso de parques infantiles<\/strong><\/p>\n\n\n\n<p>Teniendo en cuenta la situaci\u00f3n actual de alerta sanitaria generada por la Covid-19, la utilizaci\u00f3n de mascarilla ser\u00e1 obligatoria para los mayores de seis a\u00f1os, se deber\u00e1 mantener una distancia de seguridad m\u00ednima de 1,5 metros tanto entre familias como entre ni\u00f1os y ni\u00f1as y el uso de los juegos se realizar\u00e1 de forma individualizada.<\/p>\n\n\n\n<p>&nbsp;As\u00ed mismo, se recomienda el lavado frecuente de manos o la desinfecci\u00f3n con soluciones hidroalcoh\u00f3licas&nbsp;<\/p>\n\n\n\n<p>El consistorio utielano desinfectar\u00e1 las instalaciones dos veces al d\u00eda, a primera hora de la ma\u00f1ana y de la tarde, para mantener las condiciones de higiene y salubridad en estos espacios en los que hay que tener especial precauci\u00f3n al contar con afluencia de poblaci\u00f3n infantil.<\/p>\n\n\n\n<p><strong>Responsabilidad ciudadana<\/strong><\/p>\n\n\n\n<p>El Ayuntamiento de Utiel hace un llamamiento a la responsabilidad ciudadana para que se respeten las medidas establecidas en los parques infantiles por el bien de todos y en particular de los m\u00e1s peque\u00f1os.&nbsp;<\/p>\n\n\n\n<p>Los adultos deber\u00e1n controlar que los ni\u00f1os y ni\u00f1as a su cargo no compartan el uso de juegos y mantengan la distancia de seguridad establecida para evitar posibles contagios por contacto directo.<br><\/p>\n","protected":false},"excerpt":{"rendered":"<div class=\"mh-excerpt\">Las instalaciones se desinfectar\u00e1n dos veces al d\u00eda y deber\u00e1n cumplirse las medidas sanitarias establecidas en estos recintos infantiles El Ayuntamiento de Utiel ha procedido hoy a la reapertura de los parques infantiles del municipio <a class=\"mh-excerpt-more\" href=\"https:\/\/www.tucomarca.com\/wordpress\/segunda\/los-parques-infantiles-de-utiel-reabren-con-carteles-informativos-sobre-normas-de-uso\/\" title=\"Los parques infantiles de Utiel reabren con carteles informativos sobre normas de uso\">[+] <\/a><\/div>\n","protected":false},"author":12,"featured_media":109522,"comment_status":"open","ping_status":"open","sticky":false,"template":"","format":"standard","meta":{"footnotes":""},"categories":[119,12201,128,8,142,27,3,29],"tags":[10574,11937,11938,10387],"class_list":{"0":"post-109520","1":"post","2":"type-post","3":"status-publish","4":"format-standard","5":"has-post-thumbnail","7":"category-sanidad-la-comarca","8":"category-covid-19","9":"category-infraestructuras","10":"category-la-comarca","11":"category-politica-la-comarca","12":"category-requena-utiel","13":"category-seccion","14":"category-utiel","15":"tag-ayuntamiento-de-utiel","16":"tag-coronavirus","17":"tag-covid-19","18":"tag-requena-utiel"},"_links":{"self":[{"href":"https:\/\/www.tucomarca.com\/wordpress\/segunda\/wp-json\/wp\/v2\/posts\/109520","targetHints":{"allow":["GET"]}}],"collection":[{"href":"https:\/\/www.tucomarca.com\/wordpress\/segunda\/wp-json\/wp\/v2\/posts"}],"about":[{"href":"https:\/\/www.tucomarca.com\/wordpress\/segunda\/wp-json\/wp\/v2\/types\/post"}],"author":[{"embeddable":true,"href":"https:\/\/www.tucomarca.com\/wordpress\/segunda\/wp-json\/wp\/v2\/users\/12"}],"replies":[{"embeddable":true,"href":"https:\/\/www.tucomarca.com\/wordpress\/segunda\/wp-json\/wp\/v2\/comments?post=109520"}],"version-history":[{"count":0,"href":"https:\/\/www.tucomarca.com\/wordpress\/segunda\/wp-json\/wp\/v2\/posts\/109520\/revisions"}],"wp:featuredmedia":[{"embeddable":true,"href":"https:\/\/www.tucomarca.com\/wordpress\/segunda\/wp-json\/wp\/v2\/media\/109522"}],"wp:attachment":[{"href":"https:\/\/www.tucomarca.com\/wordpress\/segunda\/wp-json\/wp\/v2\/media?parent=109520"}],"wp:term":[{"taxonomy":"category","embeddable":true,"href":"https:\/\/www.tucomarca.com\/wordpress\/segunda\/wp-json\/wp\/v2\/categories?post=109520"},{"taxonomy":"post_tag","embeddable":true,"href":"https:\/\/www.tucomarca.com\/wordpress\/segunda\/wp-json\/wp\/v2\/tags?post=109520"}],"curies":[{"name":"wp","href":"https:\/\/api.w.org\/{rel}","templated":true}]}}