{"id":109526,"date":"2020-06-30T14:04:26","date_gmt":"2020-06-30T12:04:26","guid":{"rendered":"http:\/\/www.tucomarca.com\/wordpress\/segunda\/?p=109526"},"modified":"2020-06-30T15:31:59","modified_gmt":"2020-06-30T13:31:59","slug":"bunol-programa-estrenos-de-cine-y-conciertos-tematicos-al-aire-libre-hasta-mediados-de-agosto","status":"publish","type":"post","link":"https:\/\/www.tucomarca.com\/wordpress\/segunda\/bunol-programa-estrenos-de-cine-y-conciertos-tematicos-al-aire-libre-hasta-mediados-de-agosto\/","title":{"rendered":"Bu\u00f1ol programa estrenos de cine y conciertos tem\u00e1ticos al aire libre hasta mediados de agosto"},"content":{"rendered":"\n<p><strong>Juan Luis Pall\u00e1s, concejal de Cultura del consistorio bu\u00f1olense, ha confirmado que desde esta semana arrancan las sesiones de cine de verano en el Auditorio de San Luis. A eso se unen 15 conciertos tem\u00e1ticos. Deben seguirse estrictamente las medidas de seguridad y ser\u00e1n con aforo reducido<\/strong><\/p>\n\n\n\n<p>Juan Luis Pall\u00e1s, responsable de Cultura del Ayuntamiento de Bu\u00f1ol, ha confirmado en Radio Bu\u00f1ol TV que este mes de julio arranca con diversos actos culturales, todos ellos bajo estrictas medidas de seguridad al aire libre y apelando a la responsabilidad individual.<\/p>\n\n\n\n<p>Dice: \u201cLa nueva normalidad nos&nbsp; permite&nbsp; realizar este tipo de actos. La cultura en general ha sido golpeada duramente por&nbsp; la pandemia y este a\u00f1o m\u00e1s que nunca, es necesario apoyarla\u201d.<\/p>\n\n\n\n<p>Por ello, contin\u00faa diciendo Pall\u00e1s, \u201crealizaremos el esfuerzo de ayudar a que se den las circunstancias id\u00f3neas para que podamos disfrutar del cine de forma segura,&nbsp; en pantalla grande, al aire libre y a un precio popular. Para que quienes lo deseen y dentro de los l\u00edmites de aforo y normas&nbsp; establecidas, puedan disfrutar durante los meses de Julio y Agosto del cine en la localidad sin la necesidad de realizar desplazamientos\u201d.<\/p>\n\n\n\n<p>As\u00ed que, destaca: \u201cRogamos a todas las personas asistentes que cumplan exhaustivamente las medidas de protecci\u00f3n que se impondr\u00e1n para garantizar la seguridad de todos y todas. No bajemos la guardia. Si te cuidas t\u00fa. Me cuidas a m\u00ed\u201d.<\/p>\n\n\n\n<p>El edil responsable del \u00e1rea de Cultura en el Ayuntamiento de Bu\u00f1ol confirma que el cine de verano ser\u00e1 todos los mi\u00e9rcoles a las 22.30h desde ma\u00f1ana mi\u00e9rcoles 1 de julio. A ello se incluye una programaci\u00f3n de conciertos al aire libre, en total ser\u00e1n 15 conciertos que se organizar\u00e1n todos los fines de semana, de viernes a domingo por la noche. Los viernes y s\u00e1bados a las 23h y los domingos a las 20h. Y el enclave ser\u00e1 tanto el Auditorio de San Luis como la Plaza de Armas.&nbsp;<\/p>\n\n\n\n<p>El concejal asegura que todos los conciertos ser\u00e1n a cargo de peque\u00f1as agrupaciones de las dos sociedades musicales, concretamente cinco conciertos de cada una de las dos, SM La Art\u00edstica y CIM La Arm\u00f3nica. Los otros cinco conciertos ser\u00e1n propuestos por el Ayuntamiento de Bu\u00f1ol. \u201cEntre los que se prev\u00e9n destaca una \u00f3pera de Martin y Soler&nbsp; producida por Les Arts que har\u00e1 las delicias de todos los asistentes, y un recuerdo a Queen, que ser\u00e1 magistral; sin olvidar la obra de teatro Cantando Malvas. Todo ello enfocado a todos los p\u00fablicos y que, seguramente no pueda dar aforo para todos los que desear\u00edan entrar, pero todos conocemos la actual situaci\u00f3n. Si no podemos ir a uno todav\u00eda quedar\u00e1n muchos conciertos para poder asistir. Para ello, a pesar de que la mayoria de los conciertos que se organizan ser\u00e1n gratuitos, nos gustar\u00eda que los vecinos que quieran asistir, cojan su entrada en los puntos habituales, como biblioteca y sociedades musicales, para as\u00ed controlar el aforo momentos previos a la actuaci\u00f3n\u201d, finaliza Pall\u00e1s.&nbsp;<br><\/p>\n","protected":false},"excerpt":{"rendered":"<div class=\"mh-excerpt\">Juan Luis Pall\u00e1s, concejal de Cultura del consistorio bu\u00f1olense, ha confirmado que desde esta semana arrancan las sesiones de cine de verano en el Auditorio de San Luis. A eso se unen 15 conciertos tem\u00e1ticos. <a class=\"mh-excerpt-more\" href=\"https:\/\/www.tucomarca.com\/wordpress\/segunda\/bunol-programa-estrenos-de-cine-y-conciertos-tematicos-al-aire-libre-hasta-mediados-de-agosto\/\" title=\"Bu\u00f1ol programa estrenos de cine y conciertos tem\u00e1ticos al aire libre hasta mediados de agosto\">[+] <\/a><\/div>\n","protected":false},"author":12,"featured_media":45239,"comment_status":"open","ping_status":"open","sticky":false,"template":"","format":"standard","meta":{"footnotes":""},"categories":[4,18,66,119,12201,128,8,10,7,142,3,116],"tags":[5335,10563,5952,10559],"class_list":{"0":"post-109526","1":"post","2":"type-post","3":"status-publish","4":"format-standard","5":"has-post-thumbnail","7":"category-agenda","8":"category-bunol","9":"category-musica","10":"category-sanidad-la-comarca","11":"category-covid-19","12":"category-infraestructuras","13":"category-la-comarca","14":"category-la-hoya","15":"category-ocio-y-cultura","16":"category-politica-la-comarca","17":"category-seccion","18":"category-sucesos-la-comarca","19":"tag-ayuntamiento-de-bunol","20":"tag-cim-la-armonica-de-bunol","21":"tag-la-hoya-de-bunol-chiva","22":"tag-sm-la-artistica-de-bunol"},"_links":{"self":[{"href":"https:\/\/www.tucomarca.com\/wordpress\/segunda\/wp-json\/wp\/v2\/posts\/109526","targetHints":{"allow":["GET"]}}],"collection":[{"href":"https:\/\/www.tucomarca.com\/wordpress\/segunda\/wp-json\/wp\/v2\/posts"}],"about":[{"href":"https:\/\/www.tucomarca.com\/wordpress\/segunda\/wp-json\/wp\/v2\/types\/post"}],"author":[{"embeddable":true,"href":"https:\/\/www.tucomarca.com\/wordpress\/segunda\/wp-json\/wp\/v2\/users\/12"}],"replies":[{"embeddable":true,"href":"https:\/\/www.tucomarca.com\/wordpress\/segunda\/wp-json\/wp\/v2\/comments?post=109526"}],"version-history":[{"count":0,"href":"https:\/\/www.tucomarca.com\/wordpress\/segunda\/wp-json\/wp\/v2\/posts\/109526\/revisions"}],"wp:featuredmedia":[{"embeddable":true,"href":"https:\/\/www.tucomarca.com\/wordpress\/segunda\/wp-json\/wp\/v2\/media\/45239"}],"wp:attachment":[{"href":"https:\/\/www.tucomarca.com\/wordpress\/segunda\/wp-json\/wp\/v2\/media?parent=109526"}],"wp:term":[{"taxonomy":"category","embeddable":true,"href":"https:\/\/www.tucomarca.com\/wordpress\/segunda\/wp-json\/wp\/v2\/categories?post=109526"},{"taxonomy":"post_tag","embeddable":true,"href":"https:\/\/www.tucomarca.com\/wordpress\/segunda\/wp-json\/wp\/v2\/tags?post=109526"}],"curies":[{"name":"wp","href":"https:\/\/api.w.org\/{rel}","templated":true}]}}