{"id":109541,"date":"2020-06-30T20:52:49","date_gmt":"2020-06-30T18:52:49","guid":{"rendered":"http:\/\/www.tucomarca.com\/wordpress\/segunda\/?p=109541"},"modified":"2020-06-30T20:52:51","modified_gmt":"2020-06-30T18:52:51","slug":"la-fiesta-de-san-anton-de-calles-ya-es-de-interes-turistico-local","status":"publish","type":"post","link":"https:\/\/www.tucomarca.com\/wordpress\/segunda\/la-fiesta-de-san-anton-de-calles-ya-es-de-interes-turistico-local\/","title":{"rendered":"La fiesta de San Ant\u00f3n de Calles ya es de Inter\u00e9s Tur\u00edstico Local"},"content":{"rendered":"\n<p><strong>Consuelo Garc\u00eda, alcaldesa: \u201cEs el reconocimiento a la historia de Calles y a sus vecinos que la mantienen viva\u201d<\/strong><\/p>\n\n\n\n<p>La Generalitat Valenciana, a trav\u00e9s de Turisme CV, ha otorgado durante el Estado de Alarma hasta 19 reconocimientos como Fiestas de Inter\u00e9s Tur\u00edstico a alguno de los eventos que a lo largo del a\u00f1o se celebran en nuestros pueblos.<\/p>\n\n\n\n<p>Es el caso de la localidad serrana de Calles, cuyos festejos invernales en honor a San Ant\u00f3n ya son Fiesta de Inter\u00e9s Tur\u00edstico Local. Se trata de un trabajo conjunto, tal como detalla la alcaldesa del municipio, Consuelo Garc\u00eda, entre los propios vecinos que mantienen viva la fiesta y el gran trabajo de investigaci\u00f3n y recopilaci\u00f3n llevado a cabo por el propio consistorio para dar soporte documental e hist\u00f3rico y alcanzar esta distinci\u00f3n.<\/p>\n\n\n\n<p>\u201cEs el reconocimiento a la propia historia de Calles\u201d, subraya con orgullo la primer edil. \u201cNuestro objetivo es no quedarnos aqu\u00ed, y seguir afianzando la cultura local y sus tradiciones como se\u00f1a de identidad. Si la pandemia lo permite, el pr\u00f3ximo mes de enero podremos disfrutar de las primeras fiestas sanantoneras como Fiesta de Inter\u00e9s Tur\u00edstico Local y prepararemos alguna conmemoraci\u00f3n especial, que tambi\u00e9n hace falta en estos momentos tan duros que estamos viviendo\u201d<\/p>\n\n\n\n<p><strong>Fuego para unir al pueblo<\/strong><\/p>\n\n\n\n<p>El calendario festivo de Calles a\u00fana los ciclos tradicionales del territorio de interior, con paradas en invierno, primavera y verano. Santa Quiteria y San Ant\u00f3n ponen patronazgo a estos eventos.<\/p>\n\n\n\n<p>En el primero de ellos, San Ant\u00f3n, el fuego y la hermandad vecinal son los pilares b\u00e1sicos de la fiesta. Tienen lugar cada a\u00f1o hacia el 17 de enero, con una duraci\u00f3n de dos o tres d\u00edas en los que se encienden hogueras en las calles y plazas del municipio conformando un espect\u00e1culo \u00fanico.<\/p>\n\n\n\n<p>Tambi\u00e9n se celebra una misa en honor del Santo, as\u00ed como la bendici\u00f3n de los animales, con reparto de pan y chocolate. Se organizan juegos como el tiro del barr\u00f3n de solteros y casados, castillos humanos, carreras de mayores y ni\u00f1os, y por las noches, baile y disfraces.<\/p>\n","protected":false},"excerpt":{"rendered":"<div class=\"mh-excerpt\">Consuelo Garc\u00eda, alcaldesa: \u201cEs el reconocimiento a la historia de Calles y a sus vecinos que la mantienen viva\u201d La Generalitat Valenciana, a trav\u00e9s de Turisme CV, ha otorgado durante el Estado de Alarma hasta <a class=\"mh-excerpt-more\" href=\"https:\/\/www.tucomarca.com\/wordpress\/segunda\/la-fiesta-de-san-anton-de-calles-ya-es-de-interes-turistico-local\/\" title=\"La fiesta de San Ant\u00f3n de Calles ya es de Inter\u00e9s Tur\u00edstico Local\">[+] <\/a><\/div>\n","protected":false},"author":12,"featured_media":109548,"comment_status":"open","ping_status":"open","sticky":false,"template":"","format":"standard","meta":{"footnotes":""},"categories":[190,5,59,7,383,3],"tags":[12345,10597,12346],"class_list":{"0":"post-109541","1":"post","2":"type-post","3":"status-publish","4":"format-standard","5":"has-post-thumbnail","7":"category-calles","8":"category-la-semana-en-imagenes","9":"category-los-serranos","10":"category-ocio-y-cultura","11":"category-pueblos-en-fiestas","12":"category-seccion","13":"tag-ayuntamiento-de-calles","14":"tag-comarca-los-serranos","15":"tag-hoguera-de-san-anton"},"_links":{"self":[{"href":"https:\/\/www.tucomarca.com\/wordpress\/segunda\/wp-json\/wp\/v2\/posts\/109541","targetHints":{"allow":["GET"]}}],"collection":[{"href":"https:\/\/www.tucomarca.com\/wordpress\/segunda\/wp-json\/wp\/v2\/posts"}],"about":[{"href":"https:\/\/www.tucomarca.com\/wordpress\/segunda\/wp-json\/wp\/v2\/types\/post"}],"author":[{"embeddable":true,"href":"https:\/\/www.tucomarca.com\/wordpress\/segunda\/wp-json\/wp\/v2\/users\/12"}],"replies":[{"embeddable":true,"href":"https:\/\/www.tucomarca.com\/wordpress\/segunda\/wp-json\/wp\/v2\/comments?post=109541"}],"version-history":[{"count":0,"href":"https:\/\/www.tucomarca.com\/wordpress\/segunda\/wp-json\/wp\/v2\/posts\/109541\/revisions"}],"wp:featuredmedia":[{"embeddable":true,"href":"https:\/\/www.tucomarca.com\/wordpress\/segunda\/wp-json\/wp\/v2\/media\/109548"}],"wp:attachment":[{"href":"https:\/\/www.tucomarca.com\/wordpress\/segunda\/wp-json\/wp\/v2\/media?parent=109541"}],"wp:term":[{"taxonomy":"category","embeddable":true,"href":"https:\/\/www.tucomarca.com\/wordpress\/segunda\/wp-json\/wp\/v2\/categories?post=109541"},{"taxonomy":"post_tag","embeddable":true,"href":"https:\/\/www.tucomarca.com\/wordpress\/segunda\/wp-json\/wp\/v2\/tags?post=109541"}],"curies":[{"name":"wp","href":"https:\/\/api.w.org\/{rel}","templated":true}]}}