{"id":109554,"date":"2020-07-01T14:36:59","date_gmt":"2020-07-01T12:36:59","guid":{"rendered":"http:\/\/www.tucomarca.com\/wordpress\/segunda\/?p=109554"},"modified":"2020-07-01T14:37:02","modified_gmt":"2020-07-01T12:37:02","slug":"comienza-la-escuela-de-verano-2020-en-cheste","status":"publish","type":"post","link":"https:\/\/www.tucomarca.com\/wordpress\/segunda\/comienza-la-escuela-de-verano-2020-en-cheste\/","title":{"rendered":"Comienza la escuela de verano 2020 en Cheste"},"content":{"rendered":"\n<p>Desde las concejal\u00edas de Sanidad y Educaci\u00f3n se han llevado a cabo reuniones informativas previas al inicio de la escuela de verano 2020 para informar a las familias y a los monitores y monitoras sobre la organizaci\u00f3n, normativa y desarrollo de esta actividad que comienza hoy, 1 de julio.<\/p>\n\n\n\n<p>\u201cEn esta edici\u00f3n no hemos escatimado en recursos para garantizar la seguridad tanto del alumnado como de los monitores y monitoras\u201d, ha asegurado la concejala responsable de las \u00e1reas de Educaci\u00f3n y Sanidad del Ayuntamiento de Cheste, M\u00aa \u00c1ngeles Llorente. \u201cHemos organizado unidades estables de convivencia, con ratios bajas y hemos determinado espacios propios para cada unidad en los patios, entre otras medidas, en esta situaci\u00f3n extraordinaria que estamos viviendo ocasionada por la COVID-19\u201d.<\/p>\n\n\n\n<p>As\u00ed lo explic\u00f3 en la reuni\u00f3n que tuvo lugar ayer lunes para los monitores, en la que adem\u00e1s, Llorente dio algunas recomendaciones e hizo hincapi\u00e9 en \u201cno perder la humanidad, ya que hay muchas formas de interactuar sin necesidad del contacto f\u00edsico al que acostumbr\u00e1bamos\u201d, destacaba. Esta reuni\u00f3n cont\u00f3 con la participaci\u00f3n del coordinador m\u00e9dico del Centro de Salud de Cheste, Esteban Rosero, quien adem\u00e1s ha brindado apoyo constante en la puesta en marcha del proyecto para garantizar que se desarrolle siguiendo las medidas de seguridad e higiene adecuadas.<\/p>\n\n\n\n<p>El mismo lunes por la tarde se inform\u00f3 a las familias del alumnado inscrito en esta edici\u00f3n de la Escuela de Verano; para ello se coordinaron reuniones simult\u00e1neas en espacios abiertos en los patios de los centros educativos, manteniendo la distancia de seguridad. Los coodinadores y coordinadoras de la actividad de cada centro explicaron el plan de contingencia establecido, determinando tambi\u00e9n los horarios estipulados, las indicaciones para realizar las entradas y las salidas, la din\u00e1mica de la Escuela y su contenido.<\/p>\n\n\n\n<p>La Escuela de Verano de Cheste, con un presupuesto de cerca de 50.000 euros, contar\u00e1 con la participaci\u00f3n de 40 profesionales: educadores\/as, auxiliares y coordinadores\/as; que dar\u00e1n atenci\u00f3n a 144 alumnos y alumnas de entre 2 y 12 a\u00f1os.&nbsp;<\/p>\n","protected":false},"excerpt":{"rendered":"<div class=\"mh-excerpt\">Desde las concejal\u00edas de Sanidad y Educaci\u00f3n se han llevado a cabo reuniones informativas previas al inicio de la escuela de verano 2020 para informar a las familias y a los monitores y monitoras sobre <a class=\"mh-excerpt-more\" href=\"https:\/\/www.tucomarca.com\/wordpress\/segunda\/comienza-la-escuela-de-verano-2020-en-cheste\/\" title=\"Comienza la escuela de verano 2020 en Cheste\">[+] <\/a><\/div>\n","protected":false},"author":12,"featured_media":109556,"comment_status":"open","ping_status":"open","sticky":false,"template":"","format":"standard","meta":{"footnotes":""},"categories":[4,119,17,12201,128,8,10,117,3],"tags":[10470,4809,5952],"class_list":{"0":"post-109554","1":"post","2":"type-post","3":"status-publish","4":"format-standard","5":"has-post-thumbnail","7":"category-agenda","8":"category-sanidad-la-comarca","9":"category-cheste","10":"category-covid-19","11":"category-infraestructuras","12":"category-la-comarca","13":"category-la-hoya","14":"category-medio-ambiente-la-comarca","15":"category-seccion","16":"tag-ayuntamiento-de-cheste","17":"tag-escuela-de-verano","18":"tag-la-hoya-de-bunol-chiva"},"_links":{"self":[{"href":"https:\/\/www.tucomarca.com\/wordpress\/segunda\/wp-json\/wp\/v2\/posts\/109554","targetHints":{"allow":["GET"]}}],"collection":[{"href":"https:\/\/www.tucomarca.com\/wordpress\/segunda\/wp-json\/wp\/v2\/posts"}],"about":[{"href":"https:\/\/www.tucomarca.com\/wordpress\/segunda\/wp-json\/wp\/v2\/types\/post"}],"author":[{"embeddable":true,"href":"https:\/\/www.tucomarca.com\/wordpress\/segunda\/wp-json\/wp\/v2\/users\/12"}],"replies":[{"embeddable":true,"href":"https:\/\/www.tucomarca.com\/wordpress\/segunda\/wp-json\/wp\/v2\/comments?post=109554"}],"version-history":[{"count":0,"href":"https:\/\/www.tucomarca.com\/wordpress\/segunda\/wp-json\/wp\/v2\/posts\/109554\/revisions"}],"wp:featuredmedia":[{"embeddable":true,"href":"https:\/\/www.tucomarca.com\/wordpress\/segunda\/wp-json\/wp\/v2\/media\/109556"}],"wp:attachment":[{"href":"https:\/\/www.tucomarca.com\/wordpress\/segunda\/wp-json\/wp\/v2\/media?parent=109554"}],"wp:term":[{"taxonomy":"category","embeddable":true,"href":"https:\/\/www.tucomarca.com\/wordpress\/segunda\/wp-json\/wp\/v2\/categories?post=109554"},{"taxonomy":"post_tag","embeddable":true,"href":"https:\/\/www.tucomarca.com\/wordpress\/segunda\/wp-json\/wp\/v2\/tags?post=109554"}],"curies":[{"name":"wp","href":"https:\/\/api.w.org\/{rel}","templated":true}]}}