{"id":110,"date":"2012-04-18T23:52:07","date_gmt":"2012-04-18T23:52:07","guid":{"rendered":"http:\/\/www.tucomarca.com\/wordpress\/segunda\/?p=110"},"modified":"2012-05-05T01:45:56","modified_gmt":"2012-05-05T01:45:56","slug":"video-entrevista-a-marga-sanz","status":"publish","type":"post","link":"https:\/\/www.tucomarca.com\/wordpress\/segunda\/video-entrevista-a-marga-sanz\/","title":{"rendered":"V\u00eddeo resumen del acto p\u00fablico desarrollado en Bu\u00f1ol por el gobierno local sobre el paso a nivel de Las Ventas"},"content":{"rendered":"<p><strong>Aqu\u00ed os dejamos un v\u00eddeo elaborado por tucomarca televisi\u00f3n, a modo de resumen, del acto p\u00fablico desarrollado este mi\u00e9rcoles por la tarde en Bu\u00f1ol a cargo del gobierno local (EU, PSOE e IA) para abordar, de nuevo, el tema del paso a nivel de Las Ventas.<\/strong><\/p>\n","protected":false},"excerpt":{"rendered":"<div class=\"mh-excerpt\">Aqu\u00ed os dejamos un v\u00eddeo elaborado por tucomarca televisi\u00f3n, a modo de resumen, del acto p\u00fablico desarrollado este mi\u00e9rcoles por la tarde en Bu\u00f1ol a cargo del gobierno local (EU, PSOE e IA) para abordar, <a class=\"mh-excerpt-more\" href=\"https:\/\/www.tucomarca.com\/wordpress\/segunda\/video-entrevista-a-marga-sanz\/\" title=\"V\u00eddeo resumen del acto p\u00fablico desarrollado en Bu\u00f1ol por el gobierno local sobre el paso a nivel de Las Ventas\">[+] <\/a><\/div>\n","protected":false},"author":1,"featured_media":0,"comment_status":"open","ping_status":"open","sticky":false,"template":"","format":"standard","meta":{"footnotes":""},"categories":[18,8,10,26],"tags":[32],"class_list":{"0":"post-110","1":"post","2":"type-post","3":"status-publish","4":"format-standard","6":"category-bunol","7":"category-la-comarca","8":"category-la-hoya","9":"category-video","10":"tag-politica"},"_links":{"self":[{"href":"https:\/\/www.tucomarca.com\/wordpress\/segunda\/wp-json\/wp\/v2\/posts\/110","targetHints":{"allow":["GET"]}}],"collection":[{"href":"https:\/\/www.tucomarca.com\/wordpress\/segunda\/wp-json\/wp\/v2\/posts"}],"about":[{"href":"https:\/\/www.tucomarca.com\/wordpress\/segunda\/wp-json\/wp\/v2\/types\/post"}],"author":[{"embeddable":true,"href":"https:\/\/www.tucomarca.com\/wordpress\/segunda\/wp-json\/wp\/v2\/users\/1"}],"replies":[{"embeddable":true,"href":"https:\/\/www.tucomarca.com\/wordpress\/segunda\/wp-json\/wp\/v2\/comments?post=110"}],"version-history":[{"count":0,"href":"https:\/\/www.tucomarca.com\/wordpress\/segunda\/wp-json\/wp\/v2\/posts\/110\/revisions"}],"wp:attachment":[{"href":"https:\/\/www.tucomarca.com\/wordpress\/segunda\/wp-json\/wp\/v2\/media?parent=110"}],"wp:term":[{"taxonomy":"category","embeddable":true,"href":"https:\/\/www.tucomarca.com\/wordpress\/segunda\/wp-json\/wp\/v2\/categories?post=110"},{"taxonomy":"post_tag","embeddable":true,"href":"https:\/\/www.tucomarca.com\/wordpress\/segunda\/wp-json\/wp\/v2\/tags?post=110"}],"curies":[{"name":"wp","href":"https:\/\/api.w.org\/{rel}","templated":true}]}}