{"id":110080,"date":"2020-07-10T18:00:35","date_gmt":"2020-07-10T16:00:35","guid":{"rendered":"http:\/\/www.tucomarca.com\/wordpress\/segunda\/?p=110080"},"modified":"2020-07-10T21:53:52","modified_gmt":"2020-07-10T19:53:52","slug":"tierra-bobal-muestra-su-potencial-turistico-en-la-campana-el-turismo-que-queremos","status":"publish","type":"post","link":"https:\/\/www.tucomarca.com\/wordpress\/segunda\/tierra-bobal-muestra-su-potencial-turistico-en-la-campana-el-turismo-que-queremos\/","title":{"rendered":"Tierra Bobal muestra su potencial tur\u00edstico en la campa\u00f1a &#8216;El turismo que queremos&#8217;"},"content":{"rendered":"\n<p>Los proyectos de\u00a0empleo\u00a0y de\u00a0dinamizaci\u00f3n y gobernanza tur\u00edstica\u00a0impulsados desde la\u00a0Mancomunidad del Interior Tierra del Vino\u00a0han aunado fuerzas para desarrollar y financiar la promoci\u00f3n de la\u00a0marca de destino\u00a0<em>Tierra Bobal<\/em>\u00a0durante la campa\u00f1a de verano, con el objetivo de apoyar a los municipios y a las empresas tur\u00edsticas de la comarca.<\/p>\n\n\n\n<p>\u2018El turismo que queremos\u2019\u00a0es una campa\u00f1a desarrollada por la\u00a0Agencia Valencia de Turismo para\u00a0impulsar el turismo interno de la Comunidad Valenciana, promocionando los principales destinos tur\u00edsticos del territorio como respuesta a la situaci\u00f3n que ha dejado la crisis sanitaria de la Covid-19.<\/p>\n\n\n\n<p>La campa\u00f1a cuenta tanto con contenido offline como online. Por un lado, a trav\u00e9s de\u00a0art\u00edculos en varios suplementos especiales; y por otro, la campa\u00f1a cuenta con la creaci\u00f3n de una p\u00e1gina web (<a href=\"http:\/\/www.elturismoquequeremos.com\/\">www.elturismoquequeremos.com<\/a>) que alberga informaci\u00f3n sobre diversos destinos tur\u00edsticos de toda la Comunidad Valencia; as\u00ed como su difusi\u00f3n en redes sociales.<\/p>\n\n\n\n<p>La presencia de\u00a0<em>Tierra Bobal<\/em>\u00a0dentro de esta campa\u00f1a se traduce en la publicaci\u00f3n de contenido de marca y varios monogr\u00e1ficos especiales, tanto en papel como en digital, que hablan de las particulares del territorio dentro del\u00a0enoturismo, el\u00a0turismo de naturaleza\u00a0y el\u00a0turismo cultural y patrimonial. Toda la informaci\u00f3n cuenta con enlaces que permiten conectar a los lectores con los recursos y servicios de turismo de cada uno de los nueve municipios de la comarca, as\u00ed como al Consejo Regulador de la D.O. Utiel-Requena o a la Ruta del Vino. Adem\u00e1s de la difusi\u00f3n que har\u00e1n los medios de la campa\u00f1a, el contenido ser\u00e1 compartido desde las redes sociales de la Mancomunidad del Interior (@mitierradelvino) con cada nueva entrega. Actualmente ya se puede consultar la informaci\u00f3n como destino\u00a0<a href=\"https:\/\/www.elturismoquequeremos.com\/tierra-bobal\/\">enotur\u00edstico<\/a>\u00a0y de\u00a0<a href=\"https:\/\/www.elturismoquequeremos.com\/tierra-bobal-2\/\">naturaleza<\/a>.\u00a0<\/p>\n\n\n\n<p>Esta acci\u00f3n se suma a las ya impulsadas por el\u00a0Proyecto Experimental de Empleo ADAPT@+T 2019\u00a0y el\u00a0Plan de Dinamizaci\u00f3n y Gobernanza Tur\u00edstica\u00a0de la Mancomunidad del Interior Tierra del Vino desde finales de mayo, a trav\u00e9s de la campa\u00f1a\u00a0<em>#TuComarcaTuFuturo #TierraBobal,<\/em>\u00a0destinada a la promoci\u00f3n de la calidad y variedad de comercios y servicios que existen en la comarca, as\u00ed como el importante potencial tur\u00edstico con el que cuenta, teniendo presente su perspectiva laboral.<\/p>\n\n\n\n<p>ADAPT@+T 2019 es un proyecto subvencionado por\u00a0LABORA\u00a0dentro de la iniciativa\u00a0Avalem Territori, que supuso la firma en nuestra comarca de un\u00a0Acuerdo Territorial para el Empleo y el Desarrollo Comarcal\u00a0con el objetivo de hacer pol\u00edticas territoriales para el empleo adaptadas a sus necesidades reales.<\/p>\n","protected":false},"excerpt":{"rendered":"<div class=\"mh-excerpt\">Los proyectos de\u00a0empleo\u00a0y de\u00a0dinamizaci\u00f3n y gobernanza tur\u00edstica\u00a0impulsados desde la\u00a0Mancomunidad del Interior Tierra del Vino\u00a0han aunado fuerzas para desarrollar y financiar la promoci\u00f3n de la\u00a0marca de destino\u00a0Tierra Bobal\u00a0durante la campa\u00f1a de verano, con el objetivo de <a class=\"mh-excerpt-more\" href=\"https:\/\/www.tucomarca.com\/wordpress\/segunda\/tierra-bobal-muestra-su-potencial-turistico-en-la-campana-el-turismo-que-queremos\/\" title=\"Tierra Bobal muestra su potencial tur\u00edstico en la campa\u00f1a &#8216;El turismo que queremos&#8217;\">[+] <\/a><\/div>\n","protected":false},"author":12,"featured_media":110082,"comment_status":"open","ping_status":"open","sticky":false,"template":"","format":"standard","meta":{"footnotes":""},"categories":[113,12201,128,8,7,28,27,3,29],"tags":[12385,10387,12386],"class_list":{"0":"post-110080","1":"post","2":"type-post","3":"status-publish","4":"format-standard","5":"has-post-thumbnail","7":"category-vinos","8":"category-covid-19","9":"category-infraestructuras","10":"category-la-comarca","11":"category-ocio-y-cultura","12":"category-requena","13":"category-requena-utiel","14":"category-seccion","15":"category-utiel","16":"tag-mancomunidad-del-interior-tierra-del-vino","17":"tag-requena-utiel","18":"tag-tierra-bobal"},"_links":{"self":[{"href":"https:\/\/www.tucomarca.com\/wordpress\/segunda\/wp-json\/wp\/v2\/posts\/110080","targetHints":{"allow":["GET"]}}],"collection":[{"href":"https:\/\/www.tucomarca.com\/wordpress\/segunda\/wp-json\/wp\/v2\/posts"}],"about":[{"href":"https:\/\/www.tucomarca.com\/wordpress\/segunda\/wp-json\/wp\/v2\/types\/post"}],"author":[{"embeddable":true,"href":"https:\/\/www.tucomarca.com\/wordpress\/segunda\/wp-json\/wp\/v2\/users\/12"}],"replies":[{"embeddable":true,"href":"https:\/\/www.tucomarca.com\/wordpress\/segunda\/wp-json\/wp\/v2\/comments?post=110080"}],"version-history":[{"count":0,"href":"https:\/\/www.tucomarca.com\/wordpress\/segunda\/wp-json\/wp\/v2\/posts\/110080\/revisions"}],"wp:featuredmedia":[{"embeddable":true,"href":"https:\/\/www.tucomarca.com\/wordpress\/segunda\/wp-json\/wp\/v2\/media\/110082"}],"wp:attachment":[{"href":"https:\/\/www.tucomarca.com\/wordpress\/segunda\/wp-json\/wp\/v2\/media?parent=110080"}],"wp:term":[{"taxonomy":"category","embeddable":true,"href":"https:\/\/www.tucomarca.com\/wordpress\/segunda\/wp-json\/wp\/v2\/categories?post=110080"},{"taxonomy":"post_tag","embeddable":true,"href":"https:\/\/www.tucomarca.com\/wordpress\/segunda\/wp-json\/wp\/v2\/tags?post=110080"}],"curies":[{"name":"wp","href":"https:\/\/api.w.org\/{rel}","templated":true}]}}