{"id":1102,"date":"2012-05-07T12:40:43","date_gmt":"2012-05-07T12:40:43","guid":{"rendered":"http:\/\/www.tucomarca.com\/wordpress\/segunda\/?p=1102"},"modified":"2012-05-09T12:46:54","modified_gmt":"2012-05-09T12:46:54","slug":"exitoso-concierto-de-corales-en-el-teatro-liceo-de-cheste-en-el-arranque-del-ciclo-de-musica-de-primavera","status":"publish","type":"post","link":"https:\/\/www.tucomarca.com\/wordpress\/segunda\/exitoso-concierto-de-corales-en-el-teatro-liceo-de-cheste-en-el-arranque-del-ciclo-de-musica-de-primavera\/","title":{"rendered":"Exitoso concierto de corales en el teatro Liceo de Cheste en el arranque del ciclo de M\u00fasica de Primavera"},"content":{"rendered":"<figure id=\"attachment_1103\" aria-describedby=\"caption-attachment-1103\" style=\"width: 300px\" class=\"wp-caption alignleft\"><a href=\"https:\/\/www.tucomarca.com\/wordpress\/segunda\/wp-content\/uploads\/2012\/05\/01.jpg\"><img loading=\"lazy\" decoding=\"async\" class=\"size-medium wp-image-1103\" title=\"01\" src=\"https:\/\/www.tucomarca.com\/wordpress\/segunda\/wp-content\/uploads\/2012\/05\/01-300x199.jpg\" alt=\"La coral Cant\u00e1bile de Cheste durante su actuaci\u00f3n.\" width=\"300\" height=\"199\" srcset=\"https:\/\/www.tucomarca.com\/wordpress\/segunda\/wp-content\/uploads\/2012\/05\/01-300x199.jpg 300w, https:\/\/www.tucomarca.com\/wordpress\/segunda\/wp-content\/uploads\/2012\/05\/01.jpg 960w\" sizes=\"auto, (max-width: 300px) 100vw, 300px\" \/><\/a><figcaption id=\"caption-attachment-1103\" class=\"wp-caption-text\">La coral Cant\u00e1bile de Cheste durante su actuaci\u00f3n.<\/figcaption><\/figure>\n<p>El ciclo M\u00fasica en Primavera arranc\u00f3 el pasado fin de semana con un maravilloso concierto coral que no dej\u00f3 indiferente a ninguno de los asistentes al evento. El Cor de la Canyada, Cor de la Vila de Godella, Nuevo coro de la Escuela Oficial de Idiomas, Cor de la Agrupaci\u00f3 La Melod\u00eda de Olocau, cor Trobat y, como no, la Coral Cant\u00e1bile de Cheste, ofrecieron un espectacular concierto coral en el teatro Liceo, un recinto cultural que desbord\u00f3 entusiasmo durante y despu\u00e9s de las interpretaciones.<br \/>\nAs\u00ed pues, estas magn\u00edficas voces y melod\u00edas han servido para abrir a lo grande este ciclo que va a llenar de actividad art\u00edstica los pr\u00f3ximos fines de semana.<br \/>\nLa pr\u00f3xima entrega est\u00e1 prevista para este fin de semana, concretamente a cargo de la Banda \u00abLa Lira\u00bb, otra de las instituciones importantes de la poblaci\u00f3n en el apartado estrictamente cultural.<\/p>\n","protected":false},"excerpt":{"rendered":"<div class=\"mh-excerpt\">El ciclo M\u00fasica en Primavera arranc\u00f3 el pasado fin de semana con un maravilloso concierto coral que no dej\u00f3 indiferente a ninguno de los asistentes al evento. El Cor de la Canyada, Cor de la <a class=\"mh-excerpt-more\" href=\"https:\/\/www.tucomarca.com\/wordpress\/segunda\/exitoso-concierto-de-corales-en-el-teatro-liceo-de-cheste-en-el-arranque-del-ciclo-de-musica-de-primavera\/\" title=\"Exitoso concierto de corales en el teatro Liceo de Cheste en el arranque del ciclo de M\u00fasica de Primavera\">[+] <\/a><\/div>\n","protected":false},"author":1,"featured_media":1103,"comment_status":"open","ping_status":"open","sticky":false,"template":"","format":"standard","meta":{"footnotes":""},"categories":[66,17,10,7,3],"tags":[],"class_list":{"0":"post-1102","1":"post","2":"type-post","3":"status-publish","4":"format-standard","5":"has-post-thumbnail","7":"category-musica","8":"category-cheste","9":"category-la-hoya","10":"category-ocio-y-cultura","11":"category-seccion"},"_links":{"self":[{"href":"https:\/\/www.tucomarca.com\/wordpress\/segunda\/wp-json\/wp\/v2\/posts\/1102","targetHints":{"allow":["GET"]}}],"collection":[{"href":"https:\/\/www.tucomarca.com\/wordpress\/segunda\/wp-json\/wp\/v2\/posts"}],"about":[{"href":"https:\/\/www.tucomarca.com\/wordpress\/segunda\/wp-json\/wp\/v2\/types\/post"}],"author":[{"embeddable":true,"href":"https:\/\/www.tucomarca.com\/wordpress\/segunda\/wp-json\/wp\/v2\/users\/1"}],"replies":[{"embeddable":true,"href":"https:\/\/www.tucomarca.com\/wordpress\/segunda\/wp-json\/wp\/v2\/comments?post=1102"}],"version-history":[{"count":0,"href":"https:\/\/www.tucomarca.com\/wordpress\/segunda\/wp-json\/wp\/v2\/posts\/1102\/revisions"}],"wp:featuredmedia":[{"embeddable":true,"href":"https:\/\/www.tucomarca.com\/wordpress\/segunda\/wp-json\/wp\/v2\/media\/1103"}],"wp:attachment":[{"href":"https:\/\/www.tucomarca.com\/wordpress\/segunda\/wp-json\/wp\/v2\/media?parent=1102"}],"wp:term":[{"taxonomy":"category","embeddable":true,"href":"https:\/\/www.tucomarca.com\/wordpress\/segunda\/wp-json\/wp\/v2\/categories?post=1102"},{"taxonomy":"post_tag","embeddable":true,"href":"https:\/\/www.tucomarca.com\/wordpress\/segunda\/wp-json\/wp\/v2\/tags?post=1102"}],"curies":[{"name":"wp","href":"https:\/\/api.w.org\/{rel}","templated":true}]}}