{"id":110214,"date":"2020-07-14T20:36:30","date_gmt":"2020-07-14T18:36:30","guid":{"rendered":"http:\/\/www.tucomarca.com\/wordpress\/segunda\/?p=110214"},"modified":"2020-07-14T20:36:32","modified_gmt":"2020-07-14T18:36:32","slug":"la-pandemia-y-el-estado-de-alarma-originan-1-910-atenciones-sociales-en-poco-mas-de-tres-meses-por-parte-del-ayuntamiento-de-turis","status":"publish","type":"post","link":"https:\/\/www.tucomarca.com\/wordpress\/segunda\/la-pandemia-y-el-estado-de-alarma-originan-1-910-atenciones-sociales-en-poco-mas-de-tres-meses-por-parte-del-ayuntamiento-de-turis\/","title":{"rendered":"La pandemia y el estado de alarma originan 1.910 atenciones sociales en poco m\u00e1s de tres meses por parte del Ayuntamiento de Tur\u00eds"},"content":{"rendered":"\n<p><strong>En todo el a\u00f1o de 2019 fueron 2.761<\/strong><\/p>\n\n\n\n<p>Durante el 2019, el Ayuntamiento de Tur\u00eds realiz\u00f3 2.761 atenciones a trav\u00e9s del departamento de Servicios Sociales. A consecuencia de la COVID-19 y las especiales circunstancias que ha originado, solo entre el 14 de marzo y el 25 de junio de este a\u00f1o, periodo que coincide con el estado de alarma, ya se han realizado 1.910 atenciones. Una progresi\u00f3n que, sin duda, superar\u00e1 todas las previsiones realizadas para el presente a\u00f1o. En cuanto a los expedientes tramitados la cifra es de 149, de los cuales se han aprobado un total de 113.<\/p>\n\n\n\n<p>Gente mayor, mujeres v\u00edctimas de violencia de g\u00e9nero, ni\u00f1as y ni\u00f1os y al \u00e1mbito familiar, personas migradas, minor\u00edas \u00e9tnicas, adolescentes, juventud, personas con problemas de adicci\u00f3n, con diversidad funcional o con enfermedades mentales son los diferentes perfiles poblacionales que alcanzan estas actuaciones.<\/p>\n\n\n\n<p>Las ayudas destinadas a Servicios Sociales por parte del ayuntamiento suponen una parte muy importante del Plan de Contingencia y Desarrollo Local elaborado para hacer frente a las consecuencias del coronavirus.<br>\n\u00abEn total se est\u00e1n gestionando m\u00e1s de 41.000 euros, fruto de la colaboraci\u00f3n entre las administraciones local, auton\u00f3mica y provincial, gracias a lo cual se ha mantenido el servicio y se ha podido hacer frente a las nuevas necesidades originadas por la pandemia y el estado de alarma\u00bb, informa el alcalde, Eugenio Forta\u00f1a. \u00abNuestro reto ser\u00e1 mantener esta capacidad de atenci\u00f3n en los pr\u00f3ximos meses y continuar con la misma l\u00ednea de ayuda a las personas m\u00e1s vulnerables y que nos necesitan\u00bb, ha a\u00f1adido tambi\u00e9n.<\/p>\n\n\n\n<p>El n\u00famero de servicios que se ofrecen en el departamento es muy amplio: atenci\u00f3n a la dependencia (ayuda a cuidador\/a no profesional, SAD dependencia, ingreso en centro residencial, centros de d\u00eda, teleasistencia); Servicio de Ayuda a domicilio (SAD); atenci\u00f3n psicol\u00f3gica; orientaci\u00f3n jur\u00eddica; programa de seguimiento de absentismo escolar; programas de prevenci\u00f3n e inserci\u00f3n social; gesti\u00f3n de prestaciones econ\u00f3micas de emergencia, pobreza energ\u00e9tica, la Renta Valenciana de Inclusi\u00f3n, pensiones no contributivas; gesti\u00f3n y tramitaci\u00f3n de certificados de diversidad funcional, tarjetas de aparcamiento, tele asistencia; orientaci\u00f3n laboral, en coordinaci\u00f3n con los programas de la Ribera Alta; elaboraci\u00f3n de informes para evitar situaciones de desahucio, para arraigo social, para acceso a viviendas sociales, de derivaci\u00f3n a servicios espec\u00edficos, etc\u00e9tera; atenci\u00f3n a las v\u00edctimas de violencia de g\u00e9nero; gesti\u00f3n y tramitaci\u00f3n de ATENPRO; tramitaci\u00f3n de la tarjeta de las personas mayores y de termalismo y vacaciones sociales; coordinaci\u00f3n con el Equipo Espec\u00edfico de Atenci\u00f3n a la Infancia y en la Adolescencia (EEIIA); coordinaci\u00f3n con el centro de salud y los centros educativos; y coordinaci\u00f3n con otros departamentos del ayuntamiento.<\/p>\n\n\n\n<p>En definitiva y seg\u00fan el alcalde, Eugenio Forta\u00f1a, \u00abjunto con la educaci\u00f3n, la sanidad y las pensiones, el bienestar social es una de las patas fundamentales del estado del bienestar y contribuye a la democratizaci\u00f3n de nuestras sociedades, y a la inclusi\u00f3n de todas las personas en una misma perspectiva que miro a un futuro m\u00e1s prometedor.\u00bb<\/p>\n","protected":false},"excerpt":{"rendered":"<div class=\"mh-excerpt\">En todo el a\u00f1o de 2019 fueron 2.761 Durante el 2019, el Ayuntamiento de Tur\u00eds realiz\u00f3 2.761 atenciones a trav\u00e9s del departamento de Servicios Sociales. A consecuencia de la COVID-19 y las especiales circunstancias que <a class=\"mh-excerpt-more\" href=\"https:\/\/www.tucomarca.com\/wordpress\/segunda\/la-pandemia-y-el-estado-de-alarma-originan-1-910-atenciones-sociales-en-poco-mas-de-tres-meses-por-parte-del-ayuntamiento-de-turis\/\" title=\"La pandemia y el estado de alarma originan 1.910 atenciones sociales en poco m\u00e1s de tres meses por parte del Ayuntamiento de Tur\u00eds\">[+] <\/a><\/div>\n","protected":false},"author":12,"featured_media":55737,"comment_status":"open","ping_status":"open","sticky":false,"template":"","format":"standard","meta":{"footnotes":""},"categories":[119,12201,128,8,42,117,142,3,116,43],"tags":[10602,11937,11938,11951,3640],"class_list":{"0":"post-110214","1":"post","2":"type-post","3":"status-publish","4":"format-standard","5":"has-post-thumbnail","7":"category-sanidad-la-comarca","8":"category-covid-19","9":"category-infraestructuras","10":"category-la-comarca","11":"category-la-ribera","12":"category-medio-ambiente-la-comarca","13":"category-politica-la-comarca","14":"category-seccion","15":"category-sucesos-la-comarca","16":"category-turis","17":"tag-ajuntament-de-turis","18":"tag-coronavirus","19":"tag-covid-19","20":"tag-covid2019","21":"tag-la-ribera-alta"},"_links":{"self":[{"href":"https:\/\/www.tucomarca.com\/wordpress\/segunda\/wp-json\/wp\/v2\/posts\/110214","targetHints":{"allow":["GET"]}}],"collection":[{"href":"https:\/\/www.tucomarca.com\/wordpress\/segunda\/wp-json\/wp\/v2\/posts"}],"about":[{"href":"https:\/\/www.tucomarca.com\/wordpress\/segunda\/wp-json\/wp\/v2\/types\/post"}],"author":[{"embeddable":true,"href":"https:\/\/www.tucomarca.com\/wordpress\/segunda\/wp-json\/wp\/v2\/users\/12"}],"replies":[{"embeddable":true,"href":"https:\/\/www.tucomarca.com\/wordpress\/segunda\/wp-json\/wp\/v2\/comments?post=110214"}],"version-history":[{"count":0,"href":"https:\/\/www.tucomarca.com\/wordpress\/segunda\/wp-json\/wp\/v2\/posts\/110214\/revisions"}],"wp:featuredmedia":[{"embeddable":true,"href":"https:\/\/www.tucomarca.com\/wordpress\/segunda\/wp-json\/wp\/v2\/media\/55737"}],"wp:attachment":[{"href":"https:\/\/www.tucomarca.com\/wordpress\/segunda\/wp-json\/wp\/v2\/media?parent=110214"}],"wp:term":[{"taxonomy":"category","embeddable":true,"href":"https:\/\/www.tucomarca.com\/wordpress\/segunda\/wp-json\/wp\/v2\/categories?post=110214"},{"taxonomy":"post_tag","embeddable":true,"href":"https:\/\/www.tucomarca.com\/wordpress\/segunda\/wp-json\/wp\/v2\/tags?post=110214"}],"curies":[{"name":"wp","href":"https:\/\/api.w.org\/{rel}","templated":true}]}}