{"id":110330,"date":"2020-07-15T08:58:41","date_gmt":"2020-07-15T06:58:41","guid":{"rendered":"http:\/\/www.tucomarca.com\/wordpress\/segunda\/?p=110330"},"modified":"2020-07-15T15:29:36","modified_gmt":"2020-07-15T13:29:36","slug":"la-plataforma-pro-hospital-en-la-hoya-pide-que-se-abran-los-centros-de-salud-como-antes-del-covid-19","status":"publish","type":"post","link":"https:\/\/www.tucomarca.com\/wordpress\/segunda\/la-plataforma-pro-hospital-en-la-hoya-pide-que-se-abran-los-centros-de-salud-como-antes-del-covid-19\/","title":{"rendered":"La Plataforma Pro Hospital en La Hoya pide que se abran los centros de salud \u00abcomo antes del Covid-19\u00bb"},"content":{"rendered":"\n<p><strong>La plataforma se reunir\u00e1 en asamblea este sabado a las 10:30 horas en la Plaza de Layana de Bu\u00f1ol, al aire libre.<\/strong><\/p>\n\n\n\n<p>\u00abNo existe transmisi\u00f3n comunitaria ni tan siquiera casos oficiales de infecci\u00f3n en nuestra comarca que justifiquen el cambio de atenci\u00f3n sanitaria no presencial a los pacientes a trav\u00e9s de una mera llamada telef\u00f3nica\u00bb., han asegurado desde la plataforma pro hospital comarcal en La Hoya, que se re\u00fane en asamblea este s\u00e1bado.<\/p>\n\n\n\n<p>\u00abLos centros de salud deben de contar con los medios humanos y materiales necesarios para hacer frente al Covid-19, pedimos que se resfuerce de manera urgente la atenci\u00f3n primaria al encontrarse en la primera l\u00ednea para la detecci\u00f3n de posibles casos de infecci\u00f3n, pero en cambio obtenemos como soluci\u00f3n el cierre de nuestros centros consultorios auxiliares como el de Godelleta, Macastre o Alborache obligando a la poblaci\u00f3n, y sobre todo a la de mayor edad a desplazarse a los centros de salud de otros municipios con los inconvenientes que ello significa\u00bb, han a\u00f1adido.<\/p>\n\n\n\n<p>Acerca de la evaluaci\u00f3n sanitaria a trav\u00e9s de la llamada telef\u00f3nica afirman que con estas medidas \u00abestan creando intranquilidad, desconfianza e inseguridad a los enfermos en sus reconocimientos, y adem\u00e1s sobrecargando los servicios de urgencias que disponen de menos medios humanos\u00bb.&nbsp;<\/p>\n\n\n\n<p>\u00abLa Consellera de Sanidad anunci\u00f3 62 millones para reforzar los centros sanitarios pedimos que ponga en su agenda la comarca de La Hoya de Bu\u00f1ol-Chiva. Al acto de la Asamblea se pide se asistan con mascarillas y sino no se tienen en el momento se le ser\u00e1 proporcionada\u00bb, han finalizado.<\/p>\n","protected":false},"excerpt":{"rendered":"<div class=\"mh-excerpt\">La plataforma se reunir\u00e1 en asamblea este sabado a las 10:30 horas en la Plaza de Layana de Bu\u00f1ol, al aire libre. \u00abNo existe transmisi\u00f3n comunitaria ni tan siquiera casos oficiales de infecci\u00f3n en nuestra <a class=\"mh-excerpt-more\" href=\"https:\/\/www.tucomarca.com\/wordpress\/segunda\/la-plataforma-pro-hospital-en-la-hoya-pide-que-se-abran-los-centros-de-salud-como-antes-del-covid-19\/\" title=\"La Plataforma Pro Hospital en La Hoya pide que se abran los centros de salud \u00abcomo antes del Covid-19\u00bb\">[+] <\/a><\/div>\n","protected":false},"author":12,"featured_media":79128,"comment_status":"open","ping_status":"open","sticky":false,"template":"","format":"standard","meta":{"footnotes":""},"categories":[18,119,12201,128,8,10,142,3,116],"tags":[11937,11938,5952,559],"class_list":{"0":"post-110330","1":"post","2":"type-post","3":"status-publish","4":"format-standard","5":"has-post-thumbnail","7":"category-bunol","8":"category-sanidad-la-comarca","9":"category-covid-19","10":"category-infraestructuras","11":"category-la-comarca","12":"category-la-hoya","13":"category-politica-la-comarca","14":"category-seccion","15":"category-sucesos-la-comarca","16":"tag-coronavirus","17":"tag-covid-19","18":"tag-la-hoya-de-bunol-chiva","19":"tag-plataforma-pro-hospital"},"_links":{"self":[{"href":"https:\/\/www.tucomarca.com\/wordpress\/segunda\/wp-json\/wp\/v2\/posts\/110330","targetHints":{"allow":["GET"]}}],"collection":[{"href":"https:\/\/www.tucomarca.com\/wordpress\/segunda\/wp-json\/wp\/v2\/posts"}],"about":[{"href":"https:\/\/www.tucomarca.com\/wordpress\/segunda\/wp-json\/wp\/v2\/types\/post"}],"author":[{"embeddable":true,"href":"https:\/\/www.tucomarca.com\/wordpress\/segunda\/wp-json\/wp\/v2\/users\/12"}],"replies":[{"embeddable":true,"href":"https:\/\/www.tucomarca.com\/wordpress\/segunda\/wp-json\/wp\/v2\/comments?post=110330"}],"version-history":[{"count":0,"href":"https:\/\/www.tucomarca.com\/wordpress\/segunda\/wp-json\/wp\/v2\/posts\/110330\/revisions"}],"wp:featuredmedia":[{"embeddable":true,"href":"https:\/\/www.tucomarca.com\/wordpress\/segunda\/wp-json\/wp\/v2\/media\/79128"}],"wp:attachment":[{"href":"https:\/\/www.tucomarca.com\/wordpress\/segunda\/wp-json\/wp\/v2\/media?parent=110330"}],"wp:term":[{"taxonomy":"category","embeddable":true,"href":"https:\/\/www.tucomarca.com\/wordpress\/segunda\/wp-json\/wp\/v2\/categories?post=110330"},{"taxonomy":"post_tag","embeddable":true,"href":"https:\/\/www.tucomarca.com\/wordpress\/segunda\/wp-json\/wp\/v2\/tags?post=110330"}],"curies":[{"name":"wp","href":"https:\/\/api.w.org\/{rel}","templated":true}]}}