{"id":110692,"date":"2020-07-22T13:22:50","date_gmt":"2020-07-22T11:22:50","guid":{"rendered":"http:\/\/www.tucomarca.com\/wordpress\/segunda\/?p=110692"},"modified":"2020-07-22T13:22:53","modified_gmt":"2020-07-22T11:22:53","slug":"vilamarxant-emprende-nace-este-23-de-julio-con-la-presentacion-de-proyectos-ideas-y-empresas","status":"publish","type":"post","link":"https:\/\/www.tucomarca.com\/wordpress\/segunda\/vilamarxant-emprende-nace-este-23-de-julio-con-la-presentacion-de-proyectos-ideas-y-empresas\/","title":{"rendered":"Vilamarxant Emprende nace este 23 de julio con la presentaci\u00f3n de proyectos, ideas y empresas"},"content":{"rendered":"\n<p>Este 23 de julio ver\u00e1 la luz Vilamarxant Emprende con la presentaci\u00f3n de proyectos, ideas y empresas en la Casa de la Cultura del municipio de Camp de T\u00faria a partir de las 19.30 horas.<\/p>\n\n\n\n<p>Con el respaldo del Ayuntamiento de Vilamarxant, el Centro de Emprendimiento e Innovaci\u00f3n del T\u00faria y Rocket Ventures, Vilamarxant Emprende busca la generaci\u00f3n de econom\u00eda local a partir de nuevas ideas y proyectos.<\/p>\n\n\n\n<p>Mas de Bondia, productos artesanos de cercan\u00eda liderados por Xavi Herrero; My Room Planet, gesti\u00f3n inteligente de apartamentos bajo la direcci\u00f3n de Cintia Jara; B\u00e9 de D\u00e9u, aceite de oliva marca colaborativa de Cristina Navarro; Wonderlook Services, Beauty delivery services de Yadira Navarro; Sol en cara, Arte con piedra y productos decorativos de Nicolau Benlloch y Mireia Balaguer; Wondermoom, Marca de jabones artesanos para farmacias de Manuel Noguera; MIIM Computers de Ximo Escamilla y Manuel; MUYMUI, Ropa de cama ecol\u00f3gica de Miguel Santamar\u00eda; 77Pride, Marca de ropa nicho eco de Pau Suria; Trickmoove, marca de ropa nicho echo de Ximo Ferris; y Reversed, Gafas de dise\u00f1o y accesorios de Alejandra Sanchis; son las marcas que est\u00e1n al amparo de Vilamarxant Emprende.<\/p>\n\n\n\n<p>Xavier Jorge, concejal de Innovaci\u00f3n y Nuevas Tecnolog\u00edas del Ayuntamiento de Vilamarxant, ha destacado la importancia de esta uni\u00f3n alrededor de Vilamarxant Emprende.<\/p>\n\n\n\n<p>\u201cEstamos ante una gran oportunidad para que los proyectos que forman\u00a0 Vilamarxant Emprende se conviertan en referentes de sus diferentes \u00e1reas de negocio de la mano de las instituciones locales\u201d, ha indicado Jorge.<\/p>\n\n\n\n<p>Asimismo, V\u00edctor Sanchis, regidor de Promoci\u00f3n Econ\u00f3mica de Vilamarxant, tambi\u00e9n ha mostrado su felicidad ante la presentaci\u00f3n de Vilamarxant Emprende que ver\u00e1 la luz el pr\u00f3ximo jueves.<\/p>\n\n\n\n<p>\u201cTenemos la oportunidad de convertir estos proyectos, empresas e ideas en generadores de riqueza para nuestra poblaci\u00f3n. Vamos a poner todos nuestros esfuerzos en ayudar a que el nacimiento de Vilamarxant Emprende sea una de las grandes noticias para la econom\u00eda local\u201d, ha explicado Sanchis.<\/p>\n","protected":false},"excerpt":{"rendered":"<div class=\"mh-excerpt\">Este 23 de julio ver\u00e1 la luz Vilamarxant Emprende con la presentaci\u00f3n de proyectos, ideas y empresas en la Casa de la Cultura del municipio de Camp de T\u00faria a partir de las 19.30 horas. <a class=\"mh-excerpt-more\" href=\"https:\/\/www.tucomarca.com\/wordpress\/segunda\/vilamarxant-emprende-nace-este-23-de-julio-con-la-presentacion-de-proyectos-ideas-y-empresas\/\" title=\"Vilamarxant Emprende nace este 23 de julio con la presentaci\u00f3n de proyectos, ideas y empresas\">[+] <\/a><\/div>\n","protected":false},"author":12,"featured_media":110693,"comment_status":"open","ping_status":"open","sticky":false,"template":"","format":"standard","meta":{"footnotes":""},"categories":[46,128,8,142,3,184],"tags":[10395,10439],"class_list":{"0":"post-110692","1":"post","2":"type-post","3":"status-publish","4":"format-standard","5":"has-post-thumbnail","7":"category-camp-de-turia","8":"category-infraestructuras","9":"category-la-comarca","10":"category-politica-la-comarca","11":"category-seccion","12":"category-vilamarxant","13":"tag-camp-de-turia","14":"tag-vilamarxant"},"_links":{"self":[{"href":"https:\/\/www.tucomarca.com\/wordpress\/segunda\/wp-json\/wp\/v2\/posts\/110692","targetHints":{"allow":["GET"]}}],"collection":[{"href":"https:\/\/www.tucomarca.com\/wordpress\/segunda\/wp-json\/wp\/v2\/posts"}],"about":[{"href":"https:\/\/www.tucomarca.com\/wordpress\/segunda\/wp-json\/wp\/v2\/types\/post"}],"author":[{"embeddable":true,"href":"https:\/\/www.tucomarca.com\/wordpress\/segunda\/wp-json\/wp\/v2\/users\/12"}],"replies":[{"embeddable":true,"href":"https:\/\/www.tucomarca.com\/wordpress\/segunda\/wp-json\/wp\/v2\/comments?post=110692"}],"version-history":[{"count":0,"href":"https:\/\/www.tucomarca.com\/wordpress\/segunda\/wp-json\/wp\/v2\/posts\/110692\/revisions"}],"wp:featuredmedia":[{"embeddable":true,"href":"https:\/\/www.tucomarca.com\/wordpress\/segunda\/wp-json\/wp\/v2\/media\/110693"}],"wp:attachment":[{"href":"https:\/\/www.tucomarca.com\/wordpress\/segunda\/wp-json\/wp\/v2\/media?parent=110692"}],"wp:term":[{"taxonomy":"category","embeddable":true,"href":"https:\/\/www.tucomarca.com\/wordpress\/segunda\/wp-json\/wp\/v2\/categories?post=110692"},{"taxonomy":"post_tag","embeddable":true,"href":"https:\/\/www.tucomarca.com\/wordpress\/segunda\/wp-json\/wp\/v2\/tags?post=110692"}],"curies":[{"name":"wp","href":"https:\/\/api.w.org\/{rel}","templated":true}]}}