{"id":1107,"date":"2012-05-07T12:50:34","date_gmt":"2012-05-07T12:50:34","guid":{"rendered":"http:\/\/www.tucomarca.com\/wordpress\/segunda\/?p=1107"},"modified":"2012-05-09T12:57:52","modified_gmt":"2012-05-09T12:57:52","slug":"los-profesores-del-area-de-cuerda-del-conservatorio-de-bunol-actuan-en-el-cp-tierno-galvan-de-godelleta","status":"publish","type":"post","link":"https:\/\/www.tucomarca.com\/wordpress\/segunda\/los-profesores-del-area-de-cuerda-del-conservatorio-de-bunol-actuan-en-el-cp-tierno-galvan-de-godelleta\/","title":{"rendered":"Los profesores del \u00e1rea de cuerda del conservatorio de Bu\u00f1ol act\u00faan en el CP Tierno Galv\u00e1n de Godelleta"},"content":{"rendered":"<p>El grupo de profesores de cuerda del Conservatorio Profesional \u00abSan  Rafael\u00bb de Bu\u00f1ol volvi\u00f3 a actuar en el Colegio P\u00fablico Enrique Tierno  Galv\u00e1n de Godelleta protagonizando, como viene haci\u00e9ndolo todo a\u00f1o,  una\u00a0actividad\u00a0did\u00e1ctica\u00a0 en la que se\u00a0muestra al alumnado las  caracter\u00edsticas y posibilidades de los diferentes instrumentos y  especialidades de cuerda que se pueden estudiar en el conservatorio de  Bu\u00f1ol. Este es el \u00faltimo de los conciertos did\u00e1cticos que se realizar\u00e1  por los pueblos de la comarca tras haber recorrido la pr\u00e1ctica totalidad  de Centros de Educaci\u00f3n Infantil y primaria.<\/p>\n<p>La serie de actuaciones de  este grupo de profesores terminar\u00e1 en la propia localidad de Bu\u00f1ol  donde los alumnos y alumnas de los 3 colegios podr\u00e1n volver a disfrutar  de esta actividad como ya lo hicieran el pasado curso. Adem\u00e1s, tambi\u00e9n  se ofertar\u00e1 esta actuaci\u00f3n como taller para ni\u00f1os y ni\u00f1as en la pr\u00f3xima feria  del comercio en el fin de semana del 12 y 13 de mayo. El balance de las  diferentes actuaciones y de la realizaci\u00f3n de la actividad, acercando  los instrumentos de cuerda a los alumnos de los distintos colegios de la  comarca, no puede ser m\u00e1s positivo y satisfactorio para todas las  partes, maestros\/as, padres y madres y los propios profesores del  conservatorio.<\/p>\n","protected":false},"excerpt":{"rendered":"<div class=\"mh-excerpt\">El grupo de profesores de cuerda del Conservatorio Profesional \u00abSan Rafael\u00bb de Bu\u00f1ol volvi\u00f3 a actuar en el Colegio P\u00fablico Enrique Tierno Galv\u00e1n de Godelleta protagonizando, como viene haci\u00e9ndolo todo a\u00f1o, una\u00a0actividad\u00a0did\u00e1ctica\u00a0 en la que <a class=\"mh-excerpt-more\" href=\"https:\/\/www.tucomarca.com\/wordpress\/segunda\/los-profesores-del-area-de-cuerda-del-conservatorio-de-bunol-actuan-en-el-cp-tierno-galvan-de-godelleta\/\" title=\"Los profesores del \u00e1rea de cuerda del conservatorio de Bu\u00f1ol act\u00faan en el CP Tierno Galv\u00e1n de Godelleta\">[+] <\/a><\/div>\n","protected":false},"author":1,"featured_media":1109,"comment_status":"open","ping_status":"open","sticky":false,"template":"","format":"standard","meta":{"footnotes":""},"categories":[18,66,14,10,7,3],"tags":[],"class_list":{"0":"post-1107","1":"post","2":"type-post","3":"status-publish","4":"format-standard","5":"has-post-thumbnail","7":"category-bunol","8":"category-musica","9":"category-godelleta","10":"category-la-hoya","11":"category-ocio-y-cultura","12":"category-seccion"},"_links":{"self":[{"href":"https:\/\/www.tucomarca.com\/wordpress\/segunda\/wp-json\/wp\/v2\/posts\/1107","targetHints":{"allow":["GET"]}}],"collection":[{"href":"https:\/\/www.tucomarca.com\/wordpress\/segunda\/wp-json\/wp\/v2\/posts"}],"about":[{"href":"https:\/\/www.tucomarca.com\/wordpress\/segunda\/wp-json\/wp\/v2\/types\/post"}],"author":[{"embeddable":true,"href":"https:\/\/www.tucomarca.com\/wordpress\/segunda\/wp-json\/wp\/v2\/users\/1"}],"replies":[{"embeddable":true,"href":"https:\/\/www.tucomarca.com\/wordpress\/segunda\/wp-json\/wp\/v2\/comments?post=1107"}],"version-history":[{"count":0,"href":"https:\/\/www.tucomarca.com\/wordpress\/segunda\/wp-json\/wp\/v2\/posts\/1107\/revisions"}],"wp:featuredmedia":[{"embeddable":true,"href":"https:\/\/www.tucomarca.com\/wordpress\/segunda\/wp-json\/wp\/v2\/media\/1109"}],"wp:attachment":[{"href":"https:\/\/www.tucomarca.com\/wordpress\/segunda\/wp-json\/wp\/v2\/media?parent=1107"}],"wp:term":[{"taxonomy":"category","embeddable":true,"href":"https:\/\/www.tucomarca.com\/wordpress\/segunda\/wp-json\/wp\/v2\/categories?post=1107"},{"taxonomy":"post_tag","embeddable":true,"href":"https:\/\/www.tucomarca.com\/wordpress\/segunda\/wp-json\/wp\/v2\/tags?post=1107"}],"curies":[{"name":"wp","href":"https:\/\/api.w.org\/{rel}","templated":true}]}}