{"id":110870,"date":"2020-07-26T12:00:54","date_gmt":"2020-07-26T10:00:54","guid":{"rendered":"http:\/\/www.tucomarca.com\/wordpress\/segunda\/?p=110870"},"modified":"2020-07-27T12:15:37","modified_gmt":"2020-07-27T10:15:37","slug":"adrian-perez-llega-a-bunol-tras-ser-una-pieza-clave-en-la-defensa-de-la-ue-tavernes","status":"publish","type":"post","link":"https:\/\/www.tucomarca.com\/wordpress\/segunda\/adrian-perez-llega-a-bunol-tras-ser-una-pieza-clave-en-la-defensa-de-la-ue-tavernes\/","title":{"rendered":"Adri\u00e1n P\u00e9rez llega a Bu\u00f1ol tras ser una pieza clave en la defensa de la UE Tavernes"},"content":{"rendered":"\n<p>\u00abAdri\u00e1n aterriza en nuestro equipo con la vitola de ser un jugador intenso, r\u00e1pido y polivalente, aunque su posici\u00f3n natural es la de lateral derecho. Titular indiscutible durante toda la temporada en la UE Tavernes ha sido pieza clave en la magnifica temporada de su equipo, que ha disputado la promoci\u00f3n de ascenso a tercera divisi\u00f3n\u00bb, como han informado desde el CD Bu\u00f1ol.<\/p>\n\n\n\n<p>Destacar que se trata de un jugador con una gran experiencia tanto en Preferente como en Tercera Divisi\u00f3n, habiendo militado en equipos como Hell\u00edn Deportivo, Torrent C.F., Paiporta C.F. y C.D. Acero.<\/p>\n\n\n\n<p>\u00abEstamos seguros de que Adri\u00e1n podr\u00e1 aportar muchas cosas a nuestro equipo, especialmente desde la banda derecha. \u00a1Bienvenido a Bu\u00f1ol, Adri\u00e1n!\u00bb, han finalizado<\/p>\n","protected":false},"excerpt":{"rendered":"<div class=\"mh-excerpt\">\u00abAdri\u00e1n aterriza en nuestro equipo con la vitola de ser un jugador intenso, r\u00e1pido y polivalente, aunque su posici\u00f3n natural es la de lateral derecho. Titular indiscutible durante toda la temporada en la UE Tavernes <a class=\"mh-excerpt-more\" href=\"https:\/\/www.tucomarca.com\/wordpress\/segunda\/adrian-perez-llega-a-bunol-tras-ser-una-pieza-clave-en-la-defensa-de-la-ue-tavernes\/\" title=\"Adri\u00e1n P\u00e9rez llega a Bu\u00f1ol tras ser una pieza clave en la defensa de la UE Tavernes\">[+] <\/a><\/div>\n","protected":false},"author":12,"featured_media":110872,"comment_status":"open","ping_status":"open","sticky":false,"template":"","format":"standard","meta":{"footnotes":""},"categories":[18,50,6,10,3],"tags":[8241,10379,10661,5952],"class_list":{"0":"post-110870","1":"post","2":"type-post","3":"status-publish","4":"format-standard","5":"has-post-thumbnail","7":"category-bunol","8":"category-futbol-deportes","9":"category-deportes","10":"category-la-hoya","11":"category-seccion","12":"tag-cd-bunol-fichajes","13":"tag-deportes","14":"tag-esports","15":"tag-la-hoya-de-bunol-chiva"},"_links":{"self":[{"href":"https:\/\/www.tucomarca.com\/wordpress\/segunda\/wp-json\/wp\/v2\/posts\/110870","targetHints":{"allow":["GET"]}}],"collection":[{"href":"https:\/\/www.tucomarca.com\/wordpress\/segunda\/wp-json\/wp\/v2\/posts"}],"about":[{"href":"https:\/\/www.tucomarca.com\/wordpress\/segunda\/wp-json\/wp\/v2\/types\/post"}],"author":[{"embeddable":true,"href":"https:\/\/www.tucomarca.com\/wordpress\/segunda\/wp-json\/wp\/v2\/users\/12"}],"replies":[{"embeddable":true,"href":"https:\/\/www.tucomarca.com\/wordpress\/segunda\/wp-json\/wp\/v2\/comments?post=110870"}],"version-history":[{"count":0,"href":"https:\/\/www.tucomarca.com\/wordpress\/segunda\/wp-json\/wp\/v2\/posts\/110870\/revisions"}],"wp:featuredmedia":[{"embeddable":true,"href":"https:\/\/www.tucomarca.com\/wordpress\/segunda\/wp-json\/wp\/v2\/media\/110872"}],"wp:attachment":[{"href":"https:\/\/www.tucomarca.com\/wordpress\/segunda\/wp-json\/wp\/v2\/media?parent=110870"}],"wp:term":[{"taxonomy":"category","embeddable":true,"href":"https:\/\/www.tucomarca.com\/wordpress\/segunda\/wp-json\/wp\/v2\/categories?post=110870"},{"taxonomy":"post_tag","embeddable":true,"href":"https:\/\/www.tucomarca.com\/wordpress\/segunda\/wp-json\/wp\/v2\/tags?post=110870"}],"curies":[{"name":"wp","href":"https:\/\/api.w.org\/{rel}","templated":true}]}}