{"id":110936,"date":"2020-07-28T08:30:24","date_gmt":"2020-07-28T06:30:24","guid":{"rendered":"http:\/\/www.tucomarca.com\/wordpress\/segunda\/?p=110936"},"modified":"2020-08-01T20:05:48","modified_gmt":"2020-08-01T18:05:48","slug":"el-lateral-izquierdo-amador-dieguez-llega-al-cd-bunol-procedente-del-san-marcelino","status":"publish","type":"post","link":"https:\/\/www.tucomarca.com\/wordpress\/segunda\/el-lateral-izquierdo-amador-dieguez-llega-al-cd-bunol-procedente-del-san-marcelino\/","title":{"rendered":"El lateral izquierdo Amador Di\u00e9guez llega al CD Bu\u00f1ol procedente del San Marcelino"},"content":{"rendered":"\n<p>Uno de los principales valores que nos ha hecho campeones esta temporada es la fortaleza defensiva. Y es que, suele decirse que los ataques ganan los partidos, pero las defensas ganan los campeonatos.<\/p>\n\n\n\n<p>Por ello, para seguir manteniendo nuestro excelente comportamiento defensivo, llega a Bu\u00f1ol Amador Di\u00e9guez (15\/09\/1992), defensa zurdo procedente del San Marcelino que puede ocupar con garant\u00edas tanto la posici\u00f3n de central como la de lateral.<\/p>\n\n\n\n<p>Natural de San Marcelino, Amador jug\u00f3 en el club de su barrio hasta que, ya en edad de juveniles, emprendi\u00f3 viaje hacia la cantera Valencia CF para vivir nuevas aventuras. Ya en el \u00faltimo a\u00f1o antes de saltar a Senior, form\u00f3 parte de la plantilla de Divisi\u00f3n de Honor del Cracks. Despu\u00e9s, en amateur, ha pasado por un gran n\u00famero de equipos de Preferente y Tercera Divisi\u00f3n, entre los que se encuentran: Torrent, Quart de Poblet, Paterna, Cheste, Paiporta, Recambios Col\u00f3n y el propio San Marcelino.<\/p>\n\n\n\n<p>As\u00ed pues, Amador llega a Bu\u00f1ol para fortalecer todav\u00eda m\u00e1s si cabe la l\u00ednea defensiva de nuestro equipo. Estamos seguros de que volveremos a ser infranqueables.<\/p>\n","protected":false},"excerpt":{"rendered":"<div class=\"mh-excerpt\">Uno de los principales valores que nos ha hecho campeones esta temporada es la fortaleza defensiva. Y es que, suele decirse que los ataques ganan los partidos, pero las defensas ganan los campeonatos. Por ello, <a class=\"mh-excerpt-more\" href=\"https:\/\/www.tucomarca.com\/wordpress\/segunda\/el-lateral-izquierdo-amador-dieguez-llega-al-cd-bunol-procedente-del-san-marcelino\/\" title=\"El lateral izquierdo Amador Di\u00e9guez llega al CD Bu\u00f1ol procedente del San Marcelino\">[+] <\/a><\/div>\n","protected":false},"author":12,"featured_media":110940,"comment_status":"open","ping_status":"open","sticky":false,"template":"","format":"standard","meta":{"footnotes":""},"categories":[18,50,6,10,3],"tags":[8241,11155,5952],"class_list":{"0":"post-110936","1":"post","2":"type-post","3":"status-publish","4":"format-standard","5":"has-post-thumbnail","7":"category-bunol","8":"category-futbol-deportes","9":"category-deportes","10":"category-la-hoya","11":"category-seccion","12":"tag-cd-bunol-fichajes","13":"tag-cd-bunyol","14":"tag-la-hoya-de-bunol-chiva"},"_links":{"self":[{"href":"https:\/\/www.tucomarca.com\/wordpress\/segunda\/wp-json\/wp\/v2\/posts\/110936","targetHints":{"allow":["GET"]}}],"collection":[{"href":"https:\/\/www.tucomarca.com\/wordpress\/segunda\/wp-json\/wp\/v2\/posts"}],"about":[{"href":"https:\/\/www.tucomarca.com\/wordpress\/segunda\/wp-json\/wp\/v2\/types\/post"}],"author":[{"embeddable":true,"href":"https:\/\/www.tucomarca.com\/wordpress\/segunda\/wp-json\/wp\/v2\/users\/12"}],"replies":[{"embeddable":true,"href":"https:\/\/www.tucomarca.com\/wordpress\/segunda\/wp-json\/wp\/v2\/comments?post=110936"}],"version-history":[{"count":0,"href":"https:\/\/www.tucomarca.com\/wordpress\/segunda\/wp-json\/wp\/v2\/posts\/110936\/revisions"}],"wp:featuredmedia":[{"embeddable":true,"href":"https:\/\/www.tucomarca.com\/wordpress\/segunda\/wp-json\/wp\/v2\/media\/110940"}],"wp:attachment":[{"href":"https:\/\/www.tucomarca.com\/wordpress\/segunda\/wp-json\/wp\/v2\/media?parent=110936"}],"wp:term":[{"taxonomy":"category","embeddable":true,"href":"https:\/\/www.tucomarca.com\/wordpress\/segunda\/wp-json\/wp\/v2\/categories?post=110936"},{"taxonomy":"post_tag","embeddable":true,"href":"https:\/\/www.tucomarca.com\/wordpress\/segunda\/wp-json\/wp\/v2\/tags?post=110936"}],"curies":[{"name":"wp","href":"https:\/\/api.w.org\/{rel}","templated":true}]}}