{"id":110948,"date":"2020-07-28T21:00:21","date_gmt":"2020-07-28T19:00:21","guid":{"rendered":"http:\/\/www.tucomarca.com\/wordpress\/segunda\/?p=110948"},"modified":"2020-07-29T09:48:19","modified_gmt":"2020-07-29T07:48:19","slug":"cemex-renueva-su-compromiso-con-el-cd-bunol-en-el-ano-de-su-centenario","status":"publish","type":"post","link":"https:\/\/www.tucomarca.com\/wordpress\/segunda\/cemex-renueva-su-compromiso-con-el-cd-bunol-en-el-ano-de-su-centenario\/","title":{"rendered":"Cemex renueva su compromiso con el CD Bu\u00f1ol en el a\u00f1o de su centenario"},"content":{"rendered":"\n<p><strong>Por segundo a\u00f1o consecutivo ambas entidades acuerdan renovar el convenio suscrito en 2018 y que permite al club mantener su actividad y ampliar el n\u00famero de alumnos de la Escuela<\/strong><\/p>\n\n\n\n<p>CEMEX renueva un a\u00f1o m\u00e1s su compromiso con el Club Deportivo Bu\u00f1ol de f\u00fatbol. As\u00ed, por tercera temporada consecutiva, ambas entidades han firmado un acuerdo de colaboraci\u00f3n que permitir\u00e1 la adquisici\u00f3n de material deportivo y equipaci\u00f3n para los 150 j\u00f3venes y ni\u00f1os que forman parte de todas las categor\u00edas del Club, adem\u00e1s de apoyo a la contrataci\u00f3n de personal t\u00e9cnico, la realizaci\u00f3n de reconocimientos m\u00e9dicos o la impartici\u00f3n de cursos de formaci\u00f3n.&nbsp;<\/p>\n\n\n\n<p>El Director de la F\u00e1brica de CEMEX en Bu\u00f1ol,&nbsp;<strong>Alejandro Fuster<\/strong>, y el presidente del Club Deportivo Bu\u00f1ol,&nbsp;<strong>Francisco Zan\u00f3n<\/strong>, han firmado en las instalaciones deportivas del Club el acuerdo para la renovaci\u00f3n de la colaboraci\u00f3n que ambas entidades mantienen desde 2018. La renovaci\u00f3n comprende la temporada 2020-2021, a\u00f1o en el que el Club celebra su centenario, y beneficiar\u00e1 a todas las categor\u00edas que lo integran.&nbsp;<\/p>\n\n\n\n<p>Seg\u00fan ha detallado Fuster, \u201cqueremos seguir colaborando en la promoci\u00f3n del deporte en Bu\u00f1ol, por lo que representa para el desarrollo personal y colectivo en el municipio, especialmente en el complicado momento que vivimos. En este sentido, pensamos que la escuela deportiva contin\u00faa siendo una gran inversi\u00f3n de futuro, ya que cuenta con una gran cantera de m\u00e1s de un centenar de j\u00f3venes, que confiamos en que siga creciendo\u201d.&nbsp;<\/p>\n\n\n\n<p>Francisco Zan\u00f3n, ha subrayado adem\u00e1s la importancia que tienen este tipo de acuerdos para ayudar a los m\u00e1s j\u00f3venes a alcanzar todo su potencial, tanto a nivel deportivo como personal. \u201cEl Club Deportivo Bu\u00f1ol ya es centenario y como tal, nuestra labor va mucho m\u00e1s all\u00e1 de ense\u00f1ar a jugar a f\u00fatbol. Tenemos una gran responsabilidad con la comunidad, con los vecinos, y sobre todo con los ni\u00f1os y j\u00f3venes de la localidad. El Club, con el relevante apoyo de la centenaria cementera del municipio, quiere seguir contribuyendo al desarrollo de las capacidades de toda su escuela y de la propia instituci\u00f3n\u201d.<\/p>\n\n\n\n<p>Esta firma tambi\u00e9n implica beneficios para los empleados de CEMEX en la provincia de Valencia, dado que se mantienen los descuentos en las actividades que desarrolle el club, as\u00ed como en la utilizaci\u00f3n de las instalaciones deportivas cuando est\u00e9n disponibles o en pruebas de salud que el club ofrezca a un coste especial o reducido para sus socios.&nbsp;<\/p>\n\n\n\n<p>Este acuerdo se enmarca en la pol\u00edtica de RSE de CEMEX en la que se integran este tipo de colaboraciones, que promueven con car\u00e1cter general el desarrollo econ\u00f3mico, social y cultural en aquellos municipios donde la compa\u00f1\u00eda desarrolla sus actividades y, de manera particular, la educaci\u00f3n y el desarrollo de capacidades de las personas a quienes benefician.<\/p>\n","protected":false},"excerpt":{"rendered":"<div class=\"mh-excerpt\">Por segundo a\u00f1o consecutivo ambas entidades acuerdan renovar el convenio suscrito en 2018 y que permite al club mantener su actividad y ampliar el n\u00famero de alumnos de la Escuela CEMEX renueva un a\u00f1o m\u00e1s <a class=\"mh-excerpt-more\" href=\"https:\/\/www.tucomarca.com\/wordpress\/segunda\/cemex-renueva-su-compromiso-con-el-cd-bunol-en-el-ano-de-su-centenario\/\" title=\"Cemex renueva su compromiso con el CD Bu\u00f1ol en el a\u00f1o de su centenario\">[+] <\/a><\/div>\n","protected":false},"author":12,"featured_media":110949,"comment_status":"open","ping_status":"open","sticky":false,"template":"","format":"standard","meta":{"footnotes":""},"categories":[18,50,6,128,8,10,3],"tags":[10385,537,255,10379,10661],"class_list":{"0":"post-110948","1":"post","2":"type-post","3":"status-publish","4":"format-standard","5":"has-post-thumbnail","7":"category-bunol","8":"category-futbol-deportes","9":"category-deportes","10":"category-infraestructuras","11":"category-la-comarca","12":"category-la-hoya","13":"category-seccion","14":"tag-bunol","15":"tag-cd-bunol","16":"tag-cemex","17":"tag-deportes","18":"tag-esports"},"_links":{"self":[{"href":"https:\/\/www.tucomarca.com\/wordpress\/segunda\/wp-json\/wp\/v2\/posts\/110948","targetHints":{"allow":["GET"]}}],"collection":[{"href":"https:\/\/www.tucomarca.com\/wordpress\/segunda\/wp-json\/wp\/v2\/posts"}],"about":[{"href":"https:\/\/www.tucomarca.com\/wordpress\/segunda\/wp-json\/wp\/v2\/types\/post"}],"author":[{"embeddable":true,"href":"https:\/\/www.tucomarca.com\/wordpress\/segunda\/wp-json\/wp\/v2\/users\/12"}],"replies":[{"embeddable":true,"href":"https:\/\/www.tucomarca.com\/wordpress\/segunda\/wp-json\/wp\/v2\/comments?post=110948"}],"version-history":[{"count":0,"href":"https:\/\/www.tucomarca.com\/wordpress\/segunda\/wp-json\/wp\/v2\/posts\/110948\/revisions"}],"wp:featuredmedia":[{"embeddable":true,"href":"https:\/\/www.tucomarca.com\/wordpress\/segunda\/wp-json\/wp\/v2\/media\/110949"}],"wp:attachment":[{"href":"https:\/\/www.tucomarca.com\/wordpress\/segunda\/wp-json\/wp\/v2\/media?parent=110948"}],"wp:term":[{"taxonomy":"category","embeddable":true,"href":"https:\/\/www.tucomarca.com\/wordpress\/segunda\/wp-json\/wp\/v2\/categories?post=110948"},{"taxonomy":"post_tag","embeddable":true,"href":"https:\/\/www.tucomarca.com\/wordpress\/segunda\/wp-json\/wp\/v2\/tags?post=110948"}],"curies":[{"name":"wp","href":"https:\/\/api.w.org\/{rel}","templated":true}]}}