{"id":111061,"date":"2020-07-29T19:30:13","date_gmt":"2020-07-29T17:30:13","guid":{"rendered":"http:\/\/www.tucomarca.com\/wordpress\/segunda\/?p=111061"},"modified":"2020-08-01T21:19:09","modified_gmt":"2020-08-01T19:19:09","slug":"finaliza-con-exito-la-escuela-de-verano-2020-de-cheste","status":"publish","type":"post","link":"https:\/\/www.tucomarca.com\/wordpress\/segunda\/finaliza-con-exito-la-escuela-de-verano-2020-de-cheste\/","title":{"rendered":"Finaliza con \u00e9xito la Escuela de Verano 2020 de Cheste"},"content":{"rendered":"\n<p>Hoy ha concluido la Escuela de Verano de Cheste, con 144 ni\u00f1os y ni\u00f1as inscritos\/as. La actividad arranc\u00f3 el pasado 1 de julio y se ha desarrollado cumpliendo el protocolo de actuaci\u00f3n adaptado a la normativa, debido a la pandemia COVID-19.<\/p>\n\n\n\n<p>\u201cEstoy muy contenta y orgullosa de desarrollo de la Escuela de Verano. El trabajo de los monitores y monitoras, as\u00ed como del equipo coordinador,&nbsp;ha sido excelente y me consta que el alumnado lo ha pasado fenomenal y que las familias han valorado la escuela muy positivamente\u201d, ha declarado la concejala de Educaci\u00f3n y Sanidad, M\u00aa \u00c1ngeles Llorente. \u201cLas medidas de seguridad se han respetado escrupulosamente, superando incluso&nbsp;la normativa oficial. Despu\u00e9s de tantos meses de confinamiento, los ni\u00f1os y ni\u00f1as necesitaban socializarse y aprender divirti\u00e9ndose. Hemos superado un reto y eso nos anima a seguir adelante con la educaci\u00f3n y la cultura seguras, tambi\u00e9n en estos tiempos dif\u00edciles que vivimos\u201d.<\/p>\n\n\n\n<p>El \u00faltimo d\u00eda de la Escuela de Verano ha finalizado con una gran fiesta final en la que los ni\u00f1os y ni\u00f1as se han vestido con los disfraces que han confeccionado durante los talleres esta semana. Adem\u00e1s, desde la concejal\u00eda de Sanidad se ha obsequiado a todos los ni\u00f1os y ni\u00f1as con una mascarilla. \u201cEsta \u00faltima semana hemos cruzado el desierto y hemos conocido la cultura tuareg, finalmente hemos vuelto a Cheste para clausurar nuestro congreso cient\u00edfico y hemos recibido la visita del presidente, que ha entregado unas medallas a los ni\u00f1os y las ni\u00f1as para reconocer su compromiso con el cuidado del Planeta\u201d, ha apuntado Alba Domenech, coordinadora de la escuela.<\/p>\n\n\n\n<p><strong>Escuela de verano 2020<\/strong><\/p>\n\n\n\n<p>Bajo el lema \u201cCuidemos la vida, cuidemos la Tierra\u201d, la edici\u00f3n 2020 de la Escuela de Verano de Cheste ha contado con actividades muy diversas; talleres, manualidades, experimentos y juegos motrices y de agua. Durante estas semanas, los y las participantes han sido conscientes de los problemas ambientales del planeta y se han convertido en peque\u00f1os y peque\u00f1as cient\u00edficos\/as para buscar soluciones que pueden llevarse a cabo en el d\u00eda a d\u00eda.<br><\/p>\n\n\n\n<ul class=\"wp-block-gallery columns-3 is-cropped wp-block-gallery-1 is-layout-flex wp-block-gallery-is-layout-flex\"><li class=\"blocks-gallery-item\"><figure><img loading=\"lazy\" decoding=\"async\" width=\"576\" height=\"1024\" src=\"https:\/\/www.tucomarca.com\/wordpress\/segunda\/wp-content\/uploads\/2020\/08\/200731_Fiesta-final-escuela-de-verano-2020_16-1-576x1024.jpg\" alt=\"\" data-id=\"111066\" data-link=\"https:\/\/www.tucomarca.com\/wordpress\/segunda\/?attachment_id=111066\" class=\"wp-image-111066\" srcset=\"https:\/\/www.tucomarca.com\/wordpress\/segunda\/wp-content\/uploads\/2020\/08\/200731_Fiesta-final-escuela-de-verano-2020_16-1-576x1024.jpg 576w, https:\/\/www.tucomarca.com\/wordpress\/segunda\/wp-content\/uploads\/2020\/08\/200731_Fiesta-final-escuela-de-verano-2020_16-1-169x300.jpg 169w, https:\/\/www.tucomarca.com\/wordpress\/segunda\/wp-content\/uploads\/2020\/08\/200731_Fiesta-final-escuela-de-verano-2020_16-1-768x1365.jpg 768w, https:\/\/www.tucomarca.com\/wordpress\/segunda\/wp-content\/uploads\/2020\/08\/200731_Fiesta-final-escuela-de-verano-2020_16-1.jpg 1134w\" sizes=\"auto, (max-width: 576px) 100vw, 576px\" \/><\/figure><\/li><li class=\"blocks-gallery-item\"><figure><img loading=\"lazy\" decoding=\"async\" width=\"1024\" height=\"746\" src=\"https:\/\/www.tucomarca.com\/wordpress\/segunda\/wp-content\/uploads\/2020\/08\/200731_Fiesta-final-escuela-de-verano-2020_14-1-1024x746.jpg\" alt=\"\" data-id=\"111068\" data-link=\"https:\/\/www.tucomarca.com\/wordpress\/segunda\/?attachment_id=111068\" class=\"wp-image-111068\" srcset=\"https:\/\/www.tucomarca.com\/wordpress\/segunda\/wp-content\/uploads\/2020\/08\/200731_Fiesta-final-escuela-de-verano-2020_14-1-1024x746.jpg 1024w, https:\/\/www.tucomarca.com\/wordpress\/segunda\/wp-content\/uploads\/2020\/08\/200731_Fiesta-final-escuela-de-verano-2020_14-1-300x218.jpg 300w, https:\/\/www.tucomarca.com\/wordpress\/segunda\/wp-content\/uploads\/2020\/08\/200731_Fiesta-final-escuela-de-verano-2020_14-1-768x559.jpg 768w, https:\/\/www.tucomarca.com\/wordpress\/segunda\/wp-content\/uploads\/2020\/08\/200731_Fiesta-final-escuela-de-verano-2020_14-1.jpg 2048w\" sizes=\"auto, (max-width: 1024px) 100vw, 1024px\" \/><\/figure><\/li><li class=\"blocks-gallery-item\"><figure><img loading=\"lazy\" decoding=\"async\" width=\"768\" height=\"1024\" src=\"https:\/\/www.tucomarca.com\/wordpress\/segunda\/wp-content\/uploads\/2020\/08\/200731_Fiesta-final-escuela-de-verano-2020_11-768x1024.jpg\" alt=\"\" data-id=\"111070\" data-link=\"https:\/\/www.tucomarca.com\/wordpress\/segunda\/?attachment_id=111070\" class=\"wp-image-111070\" srcset=\"https:\/\/www.tucomarca.com\/wordpress\/segunda\/wp-content\/uploads\/2020\/08\/200731_Fiesta-final-escuela-de-verano-2020_11-768x1024.jpg 768w, https:\/\/www.tucomarca.com\/wordpress\/segunda\/wp-content\/uploads\/2020\/08\/200731_Fiesta-final-escuela-de-verano-2020_11-225x300.jpg 225w, https:\/\/www.tucomarca.com\/wordpress\/segunda\/wp-content\/uploads\/2020\/08\/200731_Fiesta-final-escuela-de-verano-2020_11.jpg 1200w\" sizes=\"auto, (max-width: 768px) 100vw, 768px\" \/><\/figure><\/li><li class=\"blocks-gallery-item\"><figure><img loading=\"lazy\" decoding=\"async\" width=\"1024\" height=\"768\" src=\"https:\/\/www.tucomarca.com\/wordpress\/segunda\/wp-content\/uploads\/2020\/08\/200731_Fiesta-final-escuela-de-verano-2020_3-1024x768.jpg\" alt=\"\" data-id=\"111072\" data-link=\"https:\/\/www.tucomarca.com\/wordpress\/segunda\/?attachment_id=111072\" class=\"wp-image-111072\" srcset=\"https:\/\/www.tucomarca.com\/wordpress\/segunda\/wp-content\/uploads\/2020\/08\/200731_Fiesta-final-escuela-de-verano-2020_3-1024x768.jpg 1024w, https:\/\/www.tucomarca.com\/wordpress\/segunda\/wp-content\/uploads\/2020\/08\/200731_Fiesta-final-escuela-de-verano-2020_3-300x225.jpg 300w, https:\/\/www.tucomarca.com\/wordpress\/segunda\/wp-content\/uploads\/2020\/08\/200731_Fiesta-final-escuela-de-verano-2020_3-768x576.jpg 768w, https:\/\/www.tucomarca.com\/wordpress\/segunda\/wp-content\/uploads\/2020\/08\/200731_Fiesta-final-escuela-de-verano-2020_3-678x509.jpg 678w, https:\/\/www.tucomarca.com\/wordpress\/segunda\/wp-content\/uploads\/2020\/08\/200731_Fiesta-final-escuela-de-verano-2020_3-326x245.jpg 326w, https:\/\/www.tucomarca.com\/wordpress\/segunda\/wp-content\/uploads\/2020\/08\/200731_Fiesta-final-escuela-de-verano-2020_3-80x60.jpg 80w, https:\/\/www.tucomarca.com\/wordpress\/segunda\/wp-content\/uploads\/2020\/08\/200731_Fiesta-final-escuela-de-verano-2020_3.jpg 1600w\" sizes=\"auto, (max-width: 1024px) 100vw, 1024px\" \/><\/figure><\/li><\/ul>\n","protected":false},"excerpt":{"rendered":"<div class=\"mh-excerpt\">Hoy ha concluido la Escuela de Verano de Cheste, con 144 ni\u00f1os y ni\u00f1as inscritos\/as. La actividad arranc\u00f3 el pasado 1 de julio y se ha desarrollado cumpliendo el protocolo de actuaci\u00f3n adaptado a la <a class=\"mh-excerpt-more\" href=\"https:\/\/www.tucomarca.com\/wordpress\/segunda\/finaliza-con-exito-la-escuela-de-verano-2020-de-cheste\/\" title=\"Finaliza con \u00e9xito la Escuela de Verano 2020 de Cheste\">[+] <\/a><\/div>\n","protected":false},"author":12,"featured_media":111064,"comment_status":"open","ping_status":"open","sticky":false,"template":"","format":"standard","meta":{"footnotes":""},"categories":[17,8,10,7,3],"tags":[339,5952],"class_list":{"0":"post-111061","1":"post","2":"type-post","3":"status-publish","4":"format-standard","5":"has-post-thumbnail","7":"category-cheste","8":"category-la-comarca","9":"category-la-hoya","10":"category-ocio-y-cultura","11":"category-seccion","12":"tag-cheste-2","13":"tag-la-hoya-de-bunol-chiva"},"_links":{"self":[{"href":"https:\/\/www.tucomarca.com\/wordpress\/segunda\/wp-json\/wp\/v2\/posts\/111061","targetHints":{"allow":["GET"]}}],"collection":[{"href":"https:\/\/www.tucomarca.com\/wordpress\/segunda\/wp-json\/wp\/v2\/posts"}],"about":[{"href":"https:\/\/www.tucomarca.com\/wordpress\/segunda\/wp-json\/wp\/v2\/types\/post"}],"author":[{"embeddable":true,"href":"https:\/\/www.tucomarca.com\/wordpress\/segunda\/wp-json\/wp\/v2\/users\/12"}],"replies":[{"embeddable":true,"href":"https:\/\/www.tucomarca.com\/wordpress\/segunda\/wp-json\/wp\/v2\/comments?post=111061"}],"version-history":[{"count":0,"href":"https:\/\/www.tucomarca.com\/wordpress\/segunda\/wp-json\/wp\/v2\/posts\/111061\/revisions"}],"wp:featuredmedia":[{"embeddable":true,"href":"https:\/\/www.tucomarca.com\/wordpress\/segunda\/wp-json\/wp\/v2\/media\/111064"}],"wp:attachment":[{"href":"https:\/\/www.tucomarca.com\/wordpress\/segunda\/wp-json\/wp\/v2\/media?parent=111061"}],"wp:term":[{"taxonomy":"category","embeddable":true,"href":"https:\/\/www.tucomarca.com\/wordpress\/segunda\/wp-json\/wp\/v2\/categories?post=111061"},{"taxonomy":"post_tag","embeddable":true,"href":"https:\/\/www.tucomarca.com\/wordpress\/segunda\/wp-json\/wp\/v2\/tags?post=111061"}],"curies":[{"name":"wp","href":"https:\/\/api.w.org\/{rel}","templated":true}]}}