{"id":111328,"date":"2020-08-05T14:00:48","date_gmt":"2020-08-05T12:00:48","guid":{"rendered":"http:\/\/www.tucomarca.com\/wordpress\/segunda\/?p=111328"},"modified":"2020-08-05T14:00:49","modified_gmt":"2020-08-05T12:00:49","slug":"herido-grave-el-conductor-de-un-camion-que-ha-volcado-con-mercancia-peligrosa-en-la-a-3-a-la-altura-de-chiva","status":"publish","type":"post","link":"https:\/\/www.tucomarca.com\/wordpress\/segunda\/herido-grave-el-conductor-de-un-camion-que-ha-volcado-con-mercancia-peligrosa-en-la-a-3-a-la-altura-de-chiva\/","title":{"rendered":"Herido grave el conductor de un cami\u00f3n que ha volcado con mercanc\u00eda peligrosa en la A-3 a la altura de Chiva"},"content":{"rendered":"\n<p>Un cami\u00f3n cisterna que transportaba bet\u00fan asf\u00e1ltico ha volcado este mi\u00e9rcoles en la Autov\u00eda A-3 a la altura de Chiva en direcci\u00f3n a Cheste y su conductor ha resultado herido grave, seg\u00fan han informado fuentes del Consorcio Provincial de Bomberos de Valencia y de Emergencias de la Comunitat Valenciana.<\/p>\n\n\n\n<p>El accidente ha obligado al corte de la salida 335 debido al derrame de la mercanc\u00eda peligrosa que transportaba el cami\u00f3n.<\/p>\n\n\n\n<p>Hasta el lugar del siniestro se han desplazado unidades del Parque de Bomberos de Paterna, de Chiva, de Requena y de la central; efectivos del Seprona; patrullas de tr\u00e1fico de la Guardia Civil; as\u00ed como personal de mantenimiento de la v\u00eda.<\/p>\n\n\n\n<p>El vuelco ha obligado a declara la Situaci\u00f3n 1 por accidentes controlados con los medios disponibles pero que requieren medidas para proteger a las personas, bienes o medio ambiente, seg\u00fan han informado informado fuentes de Emergencias.<\/p>\n","protected":false},"excerpt":{"rendered":"<div class=\"mh-excerpt\">Un cami\u00f3n cisterna que transportaba bet\u00fan asf\u00e1ltico ha volcado este mi\u00e9rcoles en la Autov\u00eda A-3 a la altura de Chiva en direcci\u00f3n a Cheste y su conductor ha resultado herido grave, seg\u00fan han informado fuentes <a class=\"mh-excerpt-more\" href=\"https:\/\/www.tucomarca.com\/wordpress\/segunda\/herido-grave-el-conductor-de-un-camion-que-ha-volcado-con-mercancia-peligrosa-en-la-a-3-a-la-altura-de-chiva\/\" title=\"Herido grave el conductor de un cami\u00f3n que ha volcado con mercanc\u00eda peligrosa en la A-3 a la altura de Chiva\">[+] <\/a><\/div>\n","protected":false},"author":1,"featured_media":111329,"comment_status":"open","ping_status":"open","sticky":false,"template":"","format":"standard","meta":{"footnotes":""},"categories":[17,16,8,10,117,3,116,45],"tags":[131,264],"class_list":{"0":"post-111328","1":"post","2":"type-post","3":"status-publish","4":"format-standard","5":"has-post-thumbnail","7":"category-cheste","8":"category-chiva","9":"category-la-comarca","10":"category-la-hoya","11":"category-medio-ambiente-la-comarca","12":"category-seccion","13":"category-sucesos-la-comarca","14":"category-ventana","15":"tag-a3","16":"tag-accidente"},"_links":{"self":[{"href":"https:\/\/www.tucomarca.com\/wordpress\/segunda\/wp-json\/wp\/v2\/posts\/111328","targetHints":{"allow":["GET"]}}],"collection":[{"href":"https:\/\/www.tucomarca.com\/wordpress\/segunda\/wp-json\/wp\/v2\/posts"}],"about":[{"href":"https:\/\/www.tucomarca.com\/wordpress\/segunda\/wp-json\/wp\/v2\/types\/post"}],"author":[{"embeddable":true,"href":"https:\/\/www.tucomarca.com\/wordpress\/segunda\/wp-json\/wp\/v2\/users\/1"}],"replies":[{"embeddable":true,"href":"https:\/\/www.tucomarca.com\/wordpress\/segunda\/wp-json\/wp\/v2\/comments?post=111328"}],"version-history":[{"count":0,"href":"https:\/\/www.tucomarca.com\/wordpress\/segunda\/wp-json\/wp\/v2\/posts\/111328\/revisions"}],"wp:featuredmedia":[{"embeddable":true,"href":"https:\/\/www.tucomarca.com\/wordpress\/segunda\/wp-json\/wp\/v2\/media\/111329"}],"wp:attachment":[{"href":"https:\/\/www.tucomarca.com\/wordpress\/segunda\/wp-json\/wp\/v2\/media?parent=111328"}],"wp:term":[{"taxonomy":"category","embeddable":true,"href":"https:\/\/www.tucomarca.com\/wordpress\/segunda\/wp-json\/wp\/v2\/categories?post=111328"},{"taxonomy":"post_tag","embeddable":true,"href":"https:\/\/www.tucomarca.com\/wordpress\/segunda\/wp-json\/wp\/v2\/tags?post=111328"}],"curies":[{"name":"wp","href":"https:\/\/api.w.org\/{rel}","templated":true}]}}