{"id":111435,"date":"2020-08-07T09:00:21","date_gmt":"2020-08-07T07:00:21","guid":{"rendered":"http:\/\/www.tucomarca.com\/wordpress\/segunda\/?p=111435"},"modified":"2020-08-07T09:45:33","modified_gmt":"2020-08-07T07:45:33","slug":"la-comunitat-registra-177-nuevos-contagios-y-18-nuevos-brotes-de-coronavirus","status":"publish","type":"post","link":"https:\/\/www.tucomarca.com\/wordpress\/segunda\/la-comunitat-registra-177-nuevos-contagios-y-18-nuevos-brotes-de-coronavirus\/","title":{"rendered":"La Comunitat registra 177 nuevos contagios y 18 nuevos brotes de coronavirus"},"content":{"rendered":"\n<p>La consellera de Sanidad Universal y Salud P\u00fablica, Ana Barcel\u00f3, ha comparecido este jueves en rueda de prensa para explicar los \u00faltimos datos de la incidencia de coronavirus en la Comunitat Valenciana.<\/p>\n\n\n\n<p>Barcel\u00f3 ha anunciado que se han adoptado una serie de medidas para aquellas residencias de mayores que se encuentran en departamentos de salud o municipios en los que la pandemia tiene una mayor incidencia. De esta forma, se limitar\u00e1n las visitas y las salidas, una decisi\u00f3n que \u00abestar\u00e1 siempre justificada mediante un informe epidemiol\u00f3gico y se aprobar\u00e1 una resoluci\u00f3n en cada uno de los centros donde el estudio indique que hay que suspender dichas visitas\u00bb.<\/p>\n\n\n\n<p>Al mismo tiempo, la consellera ha querido alertar de que se han multiplicado los casos de coronavirus relacionados con reuniones familiares y de amigos. El 47,9% de los brotes se ha originado en el \u00e1mbito social, seguido por los asociados a espacios de ocio (15,5%) y los asociados con el \u00e1mbito laboral (15,5%). En esta l\u00ednea, Barcel\u00f3 ha destacado que el mayor n\u00famero de casos pertenecientes a brotes se sit\u00faa en la franja de edad de entre 15 y 34 a\u00f1os (54,4%), seguido del grupo de edad de 35 a 64 a\u00f1os (29,5%).<\/p>\n\n\n\n<p>Por otro lado, Ana Barcel\u00f3 ha se\u00f1alado que, en lo que se refiere a los datos del \u00faltimo mes, el 37,7% de los casos corresponde a personas asintom\u00e1ticas, \u00ablo que demuestra que tanto el rastreo de contactos como el seguimiento de brotes y de casos positivos est\u00e1n dando sus frutos\u00bb.<\/p>\n\n\n\n<p>Adem\u00e1s, la consellera ha informado de que la franja de edad de entre 20 a 29 a\u00f1os ha sido la que ha registrado un mayor n\u00famero de positivos, lo que ha provocado tambi\u00e9n que los casos no sean de tanta gravedad, ya que los j\u00f3venes presentan cuadros m\u00e1s leves porque, aunque hay excepciones, no suelen presentar patolog\u00edas previas que puedan agravar su estado de salud. A\u00fan as\u00ed, un 6,1 % de los contagiados de entre 20 y 29 a\u00f1os han sido hospitalizado y un 037 % ha tenido que ser trasladados a UCI. Sin embargo, el mayor porcentaje de, ingresos hospitalarios sigue produci\u00e9ndose entre los mayores de 70 a\u00f1os. \u00abPor eso -ha se\u00f1alado Barcel\u00f3- quiero hacer un llamamiento a la cautela y a la prudencia, especialmente en el segmento de la poblaci\u00f3n joven, ya que es precisamente ese sector de la poblaci\u00f3n el que se ha convertido en el principal transmisor de los nuevos casos\u00bb.&nbsp;<\/p>\n\n\n\n<p><strong>Sanidad pide la colaboraci\u00f3n de los ayuntamientos<\/strong><\/p>\n\n\n\n<p>La Conselleria de Sanidad se ha dirigido a los ayuntamientos de la Comunitat Vaelnciana para solicitarles su colaboraci\u00f3n para que vigilen muy de cerca las reuniones familiares y los encuentros o acontecimientos populares que se desarrollen en sus municipios.&nbsp;<\/p>\n\n\n\n<p>En aquellos actos cuya afluencia est\u00e9 previsto que se supere una participaci\u00f3n de 50 personas, la autorizaci\u00f3n estar\u00e1 supeditada a la previa puesta en conocimiento por parte de las personas organizadoras a la autoridad municipal. En caso de que se supere el n\u00famero de 150 personas, adem\u00e1s ser\u00e1 necesaria la autorizaci\u00f3n municipal, que decidir\u00e1 en funci\u00f3n de la situaci\u00f3n epidemiol\u00f3gica del momento. Adem\u00e1s, la organizaci\u00f3n deber\u00e1 establecer las suficientes medidas de seguridad de acuerdo con las especificaciones y exigencias t\u00e9cnicas. En todos los acontecimientos populares, sea cual sea la afluencia prevista, tanto en espacios al aire libre como en lugares cerrados, se establecer\u00e1 la delimitaci\u00f3n del espacio m\u00e1ximo con un l\u00edmite de aforo del 75 por ciento.<\/p>\n\n\n\n<p>Asimismo, se han de se\u00f1alar los lugares donde pueden situarse las personas participantes y los lugares que han de permanecer libres para asegurar el cumplimiento de la distancia de seguridad interpersonal de un metro y medio, excepto en el caso de convivientes. El uso de la mascarilla ser\u00e1 obligatorio en todo momento y la organizaci\u00f3n facilitar\u00e1 a las personas asistentes geles hidroalcoh\u00f3licos desinfectantes.<\/p>\n\n\n\n<p><strong>Actualizaci\u00f3n de la incidencia del coronavirus<\/strong><\/p>\n\n\n\n<p>La Comunitat Valenciana ha registrado desde la actualizaci\u00f3n de este mi\u00e9rcoles 177 nuevos casos por prueba PCR, que sit\u00faan la cifra total de positivos en 14.452 personas.&nbsp;<\/p>\n\n\n\n<p>Por provincias, el n\u00famero de nuevos casos es el siguiente: 8 en Castell\u00f3n (1.909 en total); 44 en la provincia de Alicante (4.790 en total); 125 en la provincia de Valencia (7.747 en total, ya que se han reasignado 5 casos anteriores) a los que hay que sumar 6 casos sin asignar.<\/p>\n\n\n\n<p>Por otro lado, se han dado 110 altas a pacientes con coronavirus, por lo que el total de personas curadas asciende ya a 18.997 personas: 2.713 en Castell\u00f3n; 6.291 en Alicante; y 9.975 en Valencia, adem\u00e1s de 18 casos no asignados.<\/p>\n\n\n\n<p>De esta forma, en estos momentos hay activos 1.945 casos, lo que supone un 8,67% del total de positivos.&nbsp;<\/p>\n\n\n\n<p>Los hospitales valencianos tienen, actualmente, 130 personas ingresadas: 10 en la provincia de Castell\u00f3n, sin pacientes en UCI; 46 en la provincia de Alicante, de ellos 7 en la UCI; y 74 en la provincia de Valencia, 5 de ellos en UCI.&nbsp;<\/p>\n\n\n\n<p>No se ha registrado ning\u00fan fallecimiento por coronavirus desde la \u00faltima actualizaci\u00f3n, por lo que el total de defunciones se mantiene en 1.481 personas: 227 en la provincia de Castell\u00f3n, 516 en la de Alicante y 738 en la de Valencia.<\/p>\n\n\n\n<p>El n\u00famero total de pruebas llevadas a cabo para la detecci\u00f3n del coronavirus asciende a 621.666, de las que 486.876 han sido a trav\u00e9s de PCR y 134.790 mediante test r\u00e1pido.&nbsp;<\/p>\n\n\n\n<p><strong>Actualizaci\u00f3n de la situaci\u00f3n en residencias<\/strong><\/p>\n\n\n\n<p>En estos momentos hay alg\u00fan caso positivo en 16 residencias de mayores (8 en la provincia de Alicante y 8 en la provincia de Valencia), 2 residencias de personas con diversidad funcional en la provincia de Alicante y 2 centros de menores en la provincia de Valencia.<\/p>\n\n\n\n<p>&#8211; Residentes nuevos positivos: 1&nbsp;<\/p>\n\n\n\n<p>&#8211; Trabajadores nuevos positivos: 3<\/p>\n\n\n\n<p>&#8211; Residentes fallecidos: 0&nbsp;<\/p>\n\n\n\n<p>En estos momentos, se encuentran bajo vigilancia activa de control sanitario solo 2 residencias en la Comunitat Valenciana: 0 en la provincia de Castell\u00f3n, 1 en la provincia de Alicante y 1 en la provincia de Valencia.&nbsp;<\/p>\n\n\n\n<p><strong>Actualizaci\u00f3n brotes de coronavirus<\/strong><\/p>\n\n\n\n<p>Nuevos brotes:<\/p>\n\n\n\n<p>\u00b7 Castalla: 5 casos. \u00c1mbito social<\/p>\n\n\n\n<p>\u00b7 Castell\u00f3n de La Plana: 5 casos. Ocio&nbsp;<\/p>\n\n\n\n<p>\u00b7 Valencia: 4 casos. \u00c1mbito laboral<\/p>\n\n\n\n<p>\u00b7 Valencia: 3 casos. Nosocomial&nbsp;<\/p>\n\n\n\n<p>\u00b7 Valencia: 3 casos. Ocio&nbsp;<\/p>\n\n\n\n<p>\u00b7 Burjassot: 3 casos. Origen social<\/p>\n\n\n\n<p>\u00b7 Valencia: 4 casos. Origen social<\/p>\n\n\n\n<p>\u00b7 Valencia: 3 casos. Origen social<\/p>\n\n\n\n<p>\u00b7 Mislata: 3 casos. \u00c1mbito laboral<\/p>\n\n\n\n<p>\u00b7 Valencia: 3 casos. Origen extracomunitario&nbsp;<\/p>\n\n\n\n<p>\u00b7 Valencia: 3 casos. Origen social<\/p>\n\n\n\n<p>\u00b7 Valencia: 3 casos. Origen social<\/p>\n\n\n\n<p>\u00b7 Valencia: 3 casos. Origen extracomunitario<\/p>\n\n\n\n<p>\u00b7 Valencia: 3 casos. \u00c1mbito laboral<\/p>\n\n\n\n<p>\u00b7 Benidorm: 3 casos. Ocio<\/p>\n\n\n\n<p>\u00b7 Villajoyosa: 3 casos. Ocio<\/p>\n\n\n\n<p>\u00b7 Burjassot: 6 casos. Origen social<\/p>\n\n\n\n<p>\u00b7 Manises: 7 casos. Origen social<\/p>\n","protected":false},"excerpt":{"rendered":"<div class=\"mh-excerpt\">La consellera de Sanidad Universal y Salud P\u00fablica, Ana Barcel\u00f3, ha comparecido este jueves en rueda de prensa para explicar los \u00faltimos datos de la incidencia de coronavirus en la Comunitat Valenciana. Barcel\u00f3 ha anunciado <a class=\"mh-excerpt-more\" href=\"https:\/\/www.tucomarca.com\/wordpress\/segunda\/la-comunitat-registra-177-nuevos-contagios-y-18-nuevos-brotes-de-coronavirus\/\" title=\"La Comunitat registra 177 nuevos contagios y 18 nuevos brotes de coronavirus\">[+] <\/a><\/div>\n","protected":false},"author":1,"featured_media":111437,"comment_status":"open","ping_status":"open","sticky":false,"template":"","format":"standard","meta":{"footnotes":""},"categories":[119,12201,128,8,72,142,3,116,45],"tags":[11937,11938,11951],"class_list":{"0":"post-111435","1":"post","2":"type-post","3":"status-publish","4":"format-standard","5":"has-post-thumbnail","7":"category-sanidad-la-comarca","8":"category-covid-19","9":"category-infraestructuras","10":"category-la-comarca","11":"category-sin-categorizar","12":"category-politica-la-comarca","13":"category-seccion","14":"category-sucesos-la-comarca","15":"category-ventana","16":"tag-coronavirus","17":"tag-covid-19","18":"tag-covid2019"},"_links":{"self":[{"href":"https:\/\/www.tucomarca.com\/wordpress\/segunda\/wp-json\/wp\/v2\/posts\/111435","targetHints":{"allow":["GET"]}}],"collection":[{"href":"https:\/\/www.tucomarca.com\/wordpress\/segunda\/wp-json\/wp\/v2\/posts"}],"about":[{"href":"https:\/\/www.tucomarca.com\/wordpress\/segunda\/wp-json\/wp\/v2\/types\/post"}],"author":[{"embeddable":true,"href":"https:\/\/www.tucomarca.com\/wordpress\/segunda\/wp-json\/wp\/v2\/users\/1"}],"replies":[{"embeddable":true,"href":"https:\/\/www.tucomarca.com\/wordpress\/segunda\/wp-json\/wp\/v2\/comments?post=111435"}],"version-history":[{"count":0,"href":"https:\/\/www.tucomarca.com\/wordpress\/segunda\/wp-json\/wp\/v2\/posts\/111435\/revisions"}],"wp:featuredmedia":[{"embeddable":true,"href":"https:\/\/www.tucomarca.com\/wordpress\/segunda\/wp-json\/wp\/v2\/media\/111437"}],"wp:attachment":[{"href":"https:\/\/www.tucomarca.com\/wordpress\/segunda\/wp-json\/wp\/v2\/media?parent=111435"}],"wp:term":[{"taxonomy":"category","embeddable":true,"href":"https:\/\/www.tucomarca.com\/wordpress\/segunda\/wp-json\/wp\/v2\/categories?post=111435"},{"taxonomy":"post_tag","embeddable":true,"href":"https:\/\/www.tucomarca.com\/wordpress\/segunda\/wp-json\/wp\/v2\/tags?post=111435"}],"curies":[{"name":"wp","href":"https:\/\/api.w.org\/{rel}","templated":true}]}}