{"id":1115,"date":"2012-05-09T18:01:13","date_gmt":"2012-05-09T18:01:13","guid":{"rendered":"http:\/\/www.tucomarca.com\/wordpress\/segunda\/?p=1115"},"modified":"2012-05-09T18:04:54","modified_gmt":"2012-05-09T18:04:54","slug":"fallece-un-hombre","status":"publish","type":"post","link":"https:\/\/www.tucomarca.com\/wordpress\/segunda\/fallece-un-hombre\/","title":{"rendered":"Fallece un hombre en Cortes de Pall\u00e1s al volcar su tractor entre Cortes de Pall\u00e1s y El Oro"},"content":{"rendered":"<p>Un hombre ha fallecido este mi\u00e9rcoles aplastado por un tractor en el  t\u00e9rmino municipal de Cortes de Pall\u00e1s, seg\u00fan han informado fuentes del  Consorcio  de Bomberos de Valencia.<\/p>\n<p>El accidente se ha producido alrededor de las 15,40 horas de este  mi\u00e9rcoles en la carretera que va del pueblo de Cortes de Pall\u00e1s hasta la  aldea del Oro. Seg\u00fan las mismas fuentes, el tractor ha volcado sobre el hombre, que  ha quedado atrapado bajo el veh\u00edculo y que ha fallecido antes de poder  recibir asistencia sanitaria.<\/p>\n<p>Bomberos voluntarios de Cofrentes han acudido hasta el  lugar del  accidente para excarcelar a la v\u00edctima, aunque el m\u00e9dico de la zona s\u00f3lo  ha podido confirmar el fallecimiento del accidentado.<\/p>\n","protected":false},"excerpt":{"rendered":"<div class=\"mh-excerpt\">Un hombre ha fallecido este mi\u00e9rcoles aplastado por un tractor en el t\u00e9rmino municipal de Cortes de Pall\u00e1s, seg\u00fan han informado fuentes del Consorcio de Bomberos de Valencia. El accidente se ha producido alrededor de <a class=\"mh-excerpt-more\" href=\"https:\/\/www.tucomarca.com\/wordpress\/segunda\/fallece-un-hombre\/\" title=\"Fallece un hombre en Cortes de Pall\u00e1s al volcar su tractor entre Cortes de Pall\u00e1s y El Oro\">[+] <\/a><\/div>\n","protected":false},"author":1,"featured_media":0,"comment_status":"open","ping_status":"open","sticky":false,"template":"","format":"standard","meta":{"footnotes":""},"categories":[38,40,8,3,116],"tags":[],"class_list":{"0":"post-1115","1":"post","2":"type-post","3":"status-publish","4":"format-standard","6":"category-ayora-cofrentes","7":"category-cortes-de-pallas","8":"category-la-comarca","9":"category-seccion","10":"category-sucesos-la-comarca"},"_links":{"self":[{"href":"https:\/\/www.tucomarca.com\/wordpress\/segunda\/wp-json\/wp\/v2\/posts\/1115","targetHints":{"allow":["GET"]}}],"collection":[{"href":"https:\/\/www.tucomarca.com\/wordpress\/segunda\/wp-json\/wp\/v2\/posts"}],"about":[{"href":"https:\/\/www.tucomarca.com\/wordpress\/segunda\/wp-json\/wp\/v2\/types\/post"}],"author":[{"embeddable":true,"href":"https:\/\/www.tucomarca.com\/wordpress\/segunda\/wp-json\/wp\/v2\/users\/1"}],"replies":[{"embeddable":true,"href":"https:\/\/www.tucomarca.com\/wordpress\/segunda\/wp-json\/wp\/v2\/comments?post=1115"}],"version-history":[{"count":0,"href":"https:\/\/www.tucomarca.com\/wordpress\/segunda\/wp-json\/wp\/v2\/posts\/1115\/revisions"}],"wp:attachment":[{"href":"https:\/\/www.tucomarca.com\/wordpress\/segunda\/wp-json\/wp\/v2\/media?parent=1115"}],"wp:term":[{"taxonomy":"category","embeddable":true,"href":"https:\/\/www.tucomarca.com\/wordpress\/segunda\/wp-json\/wp\/v2\/categories?post=1115"},{"taxonomy":"post_tag","embeddable":true,"href":"https:\/\/www.tucomarca.com\/wordpress\/segunda\/wp-json\/wp\/v2\/tags?post=1115"}],"curies":[{"name":"wp","href":"https:\/\/api.w.org\/{rel}","templated":true}]}}