{"id":111545,"date":"2020-08-11T14:32:03","date_gmt":"2020-08-11T12:32:03","guid":{"rendered":"http:\/\/www.tucomarca.com\/wordpress\/segunda\/?p=111545"},"modified":"2020-08-11T14:32:08","modified_gmt":"2020-08-11T12:32:08","slug":"el-67-de-los-nuevos-casos-de-coronavirus-en-la-comunitat-valenciana-son-asintomaticos","status":"publish","type":"post","link":"https:\/\/www.tucomarca.com\/wordpress\/segunda\/el-67-de-los-nuevos-casos-de-coronavirus-en-la-comunitat-valenciana-son-asintomaticos\/","title":{"rendered":"El 67% de los nuevos casos de coronavirus en la Comunitat Valenciana son asintom\u00e1ticos"},"content":{"rendered":"\n<p>El 67% de personas diagnosticadas de coronavirus desde la \u00faltima actualizaci\u00f3n en la Comunitat Valenciana (casi siete de cada 10) son asintom\u00e1ticas. Se han registrado 629 nuevos casos por prueba PCR, que sit\u00faan la cifra total de positivos en 15.425 personas.<\/p>\n\n\n\n<p>Por provincias, el n\u00famero de nuevos casos es el siguiente: 20 en Castell\u00f3n (1.947 en total); 133 en la provincia de Alicante (5.005 en total); 463 en la provincia de Valencia (8.450 en total) a los que hay que sumar 13 casos nuevos sin asignar, lo que eleva a 23 el n\u00famero de casos no asignados a ninguna provincia.<\/p>\n\n\n\n<p>Por otro lado, se han dado 353 altas a pacientes con coronavirus, por lo que el total de personas curadas asciende a 19.634 personas: 2.795 en Castell\u00f3n, 6.516 en Alicante y 10.304 en Valencia, adem\u00e1s de 19 casos no asignados.<\/p>\n\n\n\n<p>De esta forma, en estos momentos hay activos 2.389 casos, lo que supone un 10,16% del total de positivos.<\/p>\n\n\n\n<p>Los hospitales valencianos tienen, actualmente, 183 personas ingresadas: 9 en la provincia de Castell\u00f3n, sin pacientes en UCI; 54 en la provincia de Alicante, de ellos 7 en la UCI; y 120 en la provincia de Valencia, 9 de ellos en UCI.<\/p>\n\n\n\n<p>Se ha registrado un fallecimiento por coronavirus desde la \u00faltima actualizaci\u00f3n, por lo que el total de defunciones se sit\u00faa en 1.482 personas: 227 en la provincia de Castell\u00f3n, 516 en la de Alicante y 739 en la de Valencia.<\/p>\n\n\n\n<p>El n\u00famero total de pruebas llevadas a cabo para la detecci\u00f3n del coronavirus asciende a 646.981, de las que 511.219 han sido a trav\u00e9s de PCR y 135.762 mediante test r\u00e1pido.<\/p>\n\n\n\n<p><strong>Actualizaci\u00f3n de la situaci\u00f3n en residencias<\/strong><\/p>\n\n\n\n<p>En estos momentos hay alg\u00fan caso positivo en 18 residencias de mayores (9 en la provincia de Alicante y 9 en la provincia de Valencia), 3 residencias de personas con diversidad funcional (2 en la provincia de Alicante y 1 en provincia de Valencia) y 2 centros de menores en la provincia de Valencia.<\/p>\n\n\n\n<p>&#8211; Residentes nuevos positivos: 2<\/p>\n\n\n\n<p>&#8211; Trabajadores nuevos positivos: 8<\/p>\n\n\n\n<p>&#8211; Residentes fallecidos: 0<\/p>\n\n\n\n<p>Actualmente se encuentran bajo vigilancia activa de control sanitario solo 2 residencias en la Comunitat Valenciana: 0 en la provincia de Castell\u00f3n, 1 en la provincia de Alicante y 1 en la provincia de Valencia.<\/p>\n\n\n\n<p><strong>Actualizaci\u00f3n brotes de coronavirus<\/strong><\/p>\n\n\n\n<p>Nuevos brotes<\/p>\n\n\n\n<p>\u00b7 Bolbaite: 5 casos. Origen ocio nocturno&nbsp;<\/p>\n\n\n\n<p>\u00b7 Valencia: 9 casos. Origen social<\/p>\n\n\n\n<p>\u00b7 Valencia: 6 casos. Origen social<\/p>\n\n\n\n<p>\u00b7 Valencia: 5 casos. Origen laboral<\/p>\n\n\n\n<p>\u00b7 Valencia: 6 casos. Origen ocio nocturno&nbsp;<\/p>\n\n\n\n<p>\u00b7 Requena: 3 casos. Origen social<\/p>\n\n\n\n<p>\u00b7 Valencia: 5 casos. Origen social<\/p>\n\n\n\n<p>\u00b7 Valencia: 3 casos. Origen ocio nocturno<\/p>\n\n\n\n<p>\u00b7 Oropesa del mar: 4 casos. Origen social<\/p>\n\n\n\n<p>\u00b7 Valencia: 6 casos. Origen social<\/p>\n\n\n\n<p>\u00b7 Valencia: 3 casos. Origen social<\/p>\n\n\n\n<p>\u00b7 Gandia: 4 casos. Origen nosocomial<\/p>\n\n\n\n<p>\u00b7 Valencia: 3 casos. Origen social<\/p>\n\n\n\n<p>\u00b7 Manises: 5 casos. Origen social<\/p>\n\n\n\n<p>\u00b7 Museros: 3 casos. Origen social<\/p>\n\n\n\n<p>\u00b7 Valencia: 3 casos. Origen social<\/p>\n\n\n\n<p>\u00b7 Valencia: 4 casos. Origen social<\/p>\n\n\n\n<p>\u00b7 Valencia: 4 casos. Origen social<\/p>\n","protected":false},"excerpt":{"rendered":"<div class=\"mh-excerpt\">El 67% de personas diagnosticadas de coronavirus desde la \u00faltima actualizaci\u00f3n en la Comunitat Valenciana (casi siete de cada 10) son asintom\u00e1ticas. Se han registrado 629 nuevos casos por prueba PCR, que sit\u00faan la cifra <a class=\"mh-excerpt-more\" href=\"https:\/\/www.tucomarca.com\/wordpress\/segunda\/el-67-de-los-nuevos-casos-de-coronavirus-en-la-comunitat-valenciana-son-asintomaticos\/\" title=\"El 67% de los nuevos casos de coronavirus en la Comunitat Valenciana son asintom\u00e1ticos\">[+] <\/a><\/div>\n","protected":false},"author":1,"featured_media":111558,"comment_status":"open","ping_status":"open","sticky":false,"template":"","format":"standard","meta":{"footnotes":""},"categories":[119,12201,128,8,72,117,142,28,27,3,116,45],"tags":[11937,11938,11951],"class_list":{"0":"post-111545","1":"post","2":"type-post","3":"status-publish","4":"format-standard","5":"has-post-thumbnail","7":"category-sanidad-la-comarca","8":"category-covid-19","9":"category-infraestructuras","10":"category-la-comarca","11":"category-sin-categorizar","12":"category-medio-ambiente-la-comarca","13":"category-politica-la-comarca","14":"category-requena","15":"category-requena-utiel","16":"category-seccion","17":"category-sucesos-la-comarca","18":"category-ventana","19":"tag-coronavirus","20":"tag-covid-19","21":"tag-covid2019"},"_links":{"self":[{"href":"https:\/\/www.tucomarca.com\/wordpress\/segunda\/wp-json\/wp\/v2\/posts\/111545","targetHints":{"allow":["GET"]}}],"collection":[{"href":"https:\/\/www.tucomarca.com\/wordpress\/segunda\/wp-json\/wp\/v2\/posts"}],"about":[{"href":"https:\/\/www.tucomarca.com\/wordpress\/segunda\/wp-json\/wp\/v2\/types\/post"}],"author":[{"embeddable":true,"href":"https:\/\/www.tucomarca.com\/wordpress\/segunda\/wp-json\/wp\/v2\/users\/1"}],"replies":[{"embeddable":true,"href":"https:\/\/www.tucomarca.com\/wordpress\/segunda\/wp-json\/wp\/v2\/comments?post=111545"}],"version-history":[{"count":0,"href":"https:\/\/www.tucomarca.com\/wordpress\/segunda\/wp-json\/wp\/v2\/posts\/111545\/revisions"}],"wp:featuredmedia":[{"embeddable":true,"href":"https:\/\/www.tucomarca.com\/wordpress\/segunda\/wp-json\/wp\/v2\/media\/111558"}],"wp:attachment":[{"href":"https:\/\/www.tucomarca.com\/wordpress\/segunda\/wp-json\/wp\/v2\/media?parent=111545"}],"wp:term":[{"taxonomy":"category","embeddable":true,"href":"https:\/\/www.tucomarca.com\/wordpress\/segunda\/wp-json\/wp\/v2\/categories?post=111545"},{"taxonomy":"post_tag","embeddable":true,"href":"https:\/\/www.tucomarca.com\/wordpress\/segunda\/wp-json\/wp\/v2\/tags?post=111545"}],"curies":[{"name":"wp","href":"https:\/\/api.w.org\/{rel}","templated":true}]}}