{"id":111632,"date":"2020-08-12T21:24:24","date_gmt":"2020-08-12T19:24:24","guid":{"rendered":"http:\/\/www.tucomarca.com\/wordpress\/segunda\/?p=111632"},"modified":"2020-08-12T21:24:24","modified_gmt":"2020-08-12T19:24:24","slug":"el-club-de-atletismo-correores-de-bunol-aplaza-la-segunda-quedada-nocturna-que-estaba-prevista-para-el-proximo-jueves","status":"publish","type":"post","link":"https:\/\/www.tucomarca.com\/wordpress\/segunda\/el-club-de-atletismo-correores-de-bunol-aplaza-la-segunda-quedada-nocturna-que-estaba-prevista-para-el-proximo-jueves\/","title":{"rendered":"El Club de Atletismo Correores de Bu\u00f1ol aplaza la segunda quedada nocturna que estaba prevista para el pr\u00f3ximo jueves"},"content":{"rendered":"\n<p><strong>Esta actividad deportiva formaba parte del conjunto de actividades centradas en la localidad del 3 al 23 de agosto, organizadas por la concejal\u00eda de Deportes de Bu\u00f1ol<\/strong><\/p>\n\n\n\n<p>El Club Atletismo Correores de Bu\u00f1ol ha anunciado el aplazamiento de la II Quedada Nocturna que estaba prevista para el pr\u00f3ximo jueves 20 con motivo de las actividades deportivas que se est\u00e1n realizando en el municipio del 3 al 23 de agosto, y que trataban de suplir la semana deportiva de la Feria y Fiestas.<\/p>\n\n\n\n<p>A pesar de que se iban a seguir todos los protocolos del Covid-19 la organizaci\u00f3n de la II Quedada Nocturna C.A. Correores prevista para el pr\u00f3ximo jueves 20 a las 22 h ha decidido aplazarla finalmente. Esta decisi\u00f3n ha sido consensuada y avalada por el concejal de Deportes del consistorio bu\u00f1olense, Manuel Sierra, quien ha querido agradecer el esfuerzo de los Correores de Bu\u00f1ol en la puesta en marcha de actividades deportivas en la poblaci\u00f3n y esperan que este aplazamiento sirva para que cuando se lleve a cabo la actividad pueda aglutinar a m\u00e1s gente.<\/p>\n\n\n\n<p>El presidente de este club deportivo, Laguna Mart\u00ednez, ha confirmado que debido a la actual situaci\u00f3n inc\u00f3moda que se est\u00e1 viviendo con motivo de la pandemia quer\u00edan garantizar que esta actividad, \u201cque debe ser l\u00fadica, pueda ser disfrutada ampliamente por los asistentes, as\u00ed que mejor realizarla cuando todo est\u00e9 m\u00e1s tranquilo y se pueda hacer el recorrido de 8 kil\u00f3metros que ten\u00edamos previsto por los bellos parajes de la localidad\u201d.<\/p>\n\n\n\n<p>Mart\u00ednez ha apelado a la responsabilidad individual y el sentido com\u00fan de todos los vecinos de Bu\u00f1ol para el cumplimiento de las normas sanitarias impuestas por el Covid-19. \u201cPodemos practicar deporte, pero siempre siguiendo las medidas de distancia y de higiene establecidas\u201d.&nbsp;<\/p>\n","protected":false},"excerpt":{"rendered":"<div class=\"mh-excerpt\">Esta actividad deportiva formaba parte del conjunto de actividades centradas en la localidad del 3 al 23 de agosto, organizadas por la concejal\u00eda de Deportes de Bu\u00f1ol El Club Atletismo Correores de Bu\u00f1ol ha anunciado <a class=\"mh-excerpt-more\" href=\"https:\/\/www.tucomarca.com\/wordpress\/segunda\/el-club-de-atletismo-correores-de-bunol-aplaza-la-segunda-quedada-nocturna-que-estaba-prevista-para-el-proximo-jueves\/\" title=\"El Club de Atletismo Correores de Bu\u00f1ol aplaza la segunda quedada nocturna que estaba prevista para el pr\u00f3ximo jueves\">[+] <\/a><\/div>\n","protected":false},"author":12,"featured_media":111634,"comment_status":"open","ping_status":"open","sticky":false,"template":"","format":"standard","meta":{"footnotes":""},"categories":[98,18,119,12201,6,8,10,3],"tags":[5335,10642,11937,11938,5952],"class_list":{"0":"post-111632","1":"post","2":"type-post","3":"status-publish","4":"format-standard","5":"has-post-thumbnail","7":"category-atletismo","8":"category-bunol","9":"category-sanidad-la-comarca","10":"category-covid-19","11":"category-deportes","12":"category-la-comarca","13":"category-la-hoya","14":"category-seccion","15":"tag-ayuntamiento-de-bunol","16":"tag-c-a-correores-de-bunol","17":"tag-coronavirus","18":"tag-covid-19","19":"tag-la-hoya-de-bunol-chiva"},"_links":{"self":[{"href":"https:\/\/www.tucomarca.com\/wordpress\/segunda\/wp-json\/wp\/v2\/posts\/111632","targetHints":{"allow":["GET"]}}],"collection":[{"href":"https:\/\/www.tucomarca.com\/wordpress\/segunda\/wp-json\/wp\/v2\/posts"}],"about":[{"href":"https:\/\/www.tucomarca.com\/wordpress\/segunda\/wp-json\/wp\/v2\/types\/post"}],"author":[{"embeddable":true,"href":"https:\/\/www.tucomarca.com\/wordpress\/segunda\/wp-json\/wp\/v2\/users\/12"}],"replies":[{"embeddable":true,"href":"https:\/\/www.tucomarca.com\/wordpress\/segunda\/wp-json\/wp\/v2\/comments?post=111632"}],"version-history":[{"count":0,"href":"https:\/\/www.tucomarca.com\/wordpress\/segunda\/wp-json\/wp\/v2\/posts\/111632\/revisions"}],"wp:featuredmedia":[{"embeddable":true,"href":"https:\/\/www.tucomarca.com\/wordpress\/segunda\/wp-json\/wp\/v2\/media\/111634"}],"wp:attachment":[{"href":"https:\/\/www.tucomarca.com\/wordpress\/segunda\/wp-json\/wp\/v2\/media?parent=111632"}],"wp:term":[{"taxonomy":"category","embeddable":true,"href":"https:\/\/www.tucomarca.com\/wordpress\/segunda\/wp-json\/wp\/v2\/categories?post=111632"},{"taxonomy":"post_tag","embeddable":true,"href":"https:\/\/www.tucomarca.com\/wordpress\/segunda\/wp-json\/wp\/v2\/tags?post=111632"}],"curies":[{"name":"wp","href":"https:\/\/api.w.org\/{rel}","templated":true}]}}