{"id":111676,"date":"2020-08-12T21:46:47","date_gmt":"2020-08-12T19:46:47","guid":{"rendered":"http:\/\/www.tucomarca.com\/wordpress\/segunda\/?p=111676"},"modified":"2020-08-12T21:46:50","modified_gmt":"2020-08-12T19:46:50","slug":"la-comunitat-valenciana-suma-271-casos-de-coronavirus-y-358-altas-en-la-ultima-jornada","status":"publish","type":"post","link":"https:\/\/www.tucomarca.com\/wordpress\/segunda\/la-comunitat-valenciana-suma-271-casos-de-coronavirus-y-358-altas-en-la-ultima-jornada\/","title":{"rendered":"La Comunitat Valenciana suma 271 casos de coronavirus y 358 altas en la \u00faltima jornada"},"content":{"rendered":"\n<p>La Comunitat Valenciana ha sumado en las \u00faltimas 24 horas 271 nuevos casos de coronavirus, que sit\u00faan la cifra total de positivos en 15.948 personas. Por provincias, la distribuci\u00f3n es la siguiente: 12 en Castell\u00f3n (1.992 en total); 89 en la provincia de Alicante (5.172 en total); y 170 en la provincia de Valencia (8.772 en total), a la que se han reasignado 8 casos anteriores. Adem\u00e1s, hay que sumar otros 12 casos no asignados de d\u00edas anteriores.<\/p>\n\n\n\n<p>Por otro lado, se han dado 358 altas a pacientes con coronavirus, por lo que el total de personas curadas desde el inicio de la pandemia asciende a 20.121: 2.826 en Castell\u00f3n, 6.669 en Alicante y 10.594 en Valencia, adem\u00e1s de 10 altas sin asignar, que elevan el acumulado de altas no asignadas a 32.<\/p>\n\n\n\n<p>De esta forma, en estos momentos hay activos 2.533 casos, lo que supone un 10,49% del total de positivos.<\/p>\n\n\n\n<p>Los hospitales valencianos tienen, actualmente, 185 personas ingresadas: 5 en la provincia de Castell\u00f3n, sin pacientes en UCI; 50 en la provincia de Alicante, de ellos 7 en la UCI; y 130 en la provincia de Valencia, 12 de ellos en UCI.<\/p>\n\n\n\n<p>Se han registrado tres fallecimientos por coronavirus desde este martes, por lo que el total de defunciones se sit\u00faa en 1.486 personas: 227 en la provincia de Castell\u00f3n, 518 en la de Alicante y 741 en la de Valencia.<\/p>\n\n\n\n<p>El n\u00famero total de pruebas llevadas a cabo para la detecci\u00f3n del coronavirus asciende a 662.014, de las que 525.511 han sido a trav\u00e9s de PCR y 136.503 mediante test r\u00e1pido.<\/p>\n\n\n\n<p><strong>Actualizaci\u00f3n de la situaci\u00f3n en residencias<\/strong><\/p>\n\n\n\n<p>En estos momentos hay alg\u00fan caso positivo en 18 residencias de mayores (9 en la provincia de Alicante y 9 en la provincia de Valencia), 3 residencias de personas con diversidad funcional (2 en la provincia de Alicante y 1 en la provincia de Valencia) y 2 centros de menores en la provincia de Valencia.<\/p>\n\n\n\n<p>&#8211; Residentes nuevos positivos: 14&nbsp;<\/p>\n\n\n\n<p>&#8211; Personal nuevo positivo: 2<\/p>\n\n\n\n<p>&#8211; Residentes que han fallecido: 0<\/p>\n\n\n\n<p>Actualmente se encuentran bajo vigilancia activa de control sanitario 3 residencias en la Comunitat Valenciana: 0 en la provincia de Castell\u00f3n, 1 en la provincia de Alicante y 2 en la provincia de Valencia.<\/p>\n\n\n\n<p><strong>Actualizaci\u00f3n brotes de coronavirus<\/strong><\/p>\n\n\n\n<p>Nuevos brotes:<\/p>\n\n\n\n<p>\u00b7 Vinar\u00f2s: 3 casos. Origen social<\/p>\n\n\n\n<p>\u00b7 Callosa de Segura: 7 casos. Origen social<\/p>\n\n\n\n<p>\u00b7 Val\u00e8ncia: 3 casos. Origen social<\/p>\n\n\n\n<p>\u00b7 La Pobla de Farnals: 5 casos. Origen ocio local<\/p>\n\n\n\n<p>\u00b7 Paiporta: 5 casos. Origen social<\/p>\n\n\n\n<p>\u00b7 Alfara del Patriarca. 3 casos. Origen social<\/p>\n\n\n\n<p>\u00b7 Xirivella: 6 casos. Origen vacacional<\/p>\n\n\n\n<p>\u00b7 Val\u00e8ncia: 4 casos. Origen vacacional<\/p>\n\n\n\n<p>\u00b7 Moixent: 5 casos. Origen social<\/p>\n\n\n\n<p>\u00b7 Torrent: 4 casos. Origen social<\/p>\n\n\n\n<p>\u00b7 Carcaixent: 4 casos. Origen social<\/p>\n\n\n\n<p>\u00b7 Alginet: 5 casos. Origen social<\/p>\n\n\n\n<p>\u00b7 Val\u00e8ncia: 3 casos. Origen social<\/p>\n\n\n\n<p>\u00b7 C\u00e0rcer: 4 casos. Origen vacacional<\/p>\n\n\n\n<p>\u00b7 Picassent: 9 casos. Origen ocio local<\/p>\n\n\n\n<p>\u00b7 Val\u00e8ncia: 3 casos. Origen social<\/p>\n\n\n\n<p>\u00b7 Burriana: 3 casos. Origen laboral<\/p>\n\n\n\n<p>\u00b7 Albatera: 5 casos. Origen social<\/p>\n","protected":false},"excerpt":{"rendered":"<div class=\"mh-excerpt\">La Comunitat Valenciana ha sumado en las \u00faltimas 24 horas 271 nuevos casos de coronavirus, que sit\u00faan la cifra total de positivos en 15.948 personas. Por provincias, la distribuci\u00f3n es la siguiente: 12 en Castell\u00f3n <a class=\"mh-excerpt-more\" href=\"https:\/\/www.tucomarca.com\/wordpress\/segunda\/la-comunitat-valenciana-suma-271-casos-de-coronavirus-y-358-altas-en-la-ultima-jornada\/\" title=\"La Comunitat Valenciana suma 271 casos de coronavirus y 358 altas en la \u00faltima jornada\">[+] <\/a><\/div>\n","protected":false},"author":1,"featured_media":111558,"comment_status":"open","ping_status":"open","sticky":false,"template":"","format":"standard","meta":{"footnotes":""},"categories":[119,12201,128,8,72,117,142,3,116,45],"tags":[11937,11938,11951],"class_list":{"0":"post-111676","1":"post","2":"type-post","3":"status-publish","4":"format-standard","5":"has-post-thumbnail","7":"category-sanidad-la-comarca","8":"category-covid-19","9":"category-infraestructuras","10":"category-la-comarca","11":"category-sin-categorizar","12":"category-medio-ambiente-la-comarca","13":"category-politica-la-comarca","14":"category-seccion","15":"category-sucesos-la-comarca","16":"category-ventana","17":"tag-coronavirus","18":"tag-covid-19","19":"tag-covid2019"},"_links":{"self":[{"href":"https:\/\/www.tucomarca.com\/wordpress\/segunda\/wp-json\/wp\/v2\/posts\/111676","targetHints":{"allow":["GET"]}}],"collection":[{"href":"https:\/\/www.tucomarca.com\/wordpress\/segunda\/wp-json\/wp\/v2\/posts"}],"about":[{"href":"https:\/\/www.tucomarca.com\/wordpress\/segunda\/wp-json\/wp\/v2\/types\/post"}],"author":[{"embeddable":true,"href":"https:\/\/www.tucomarca.com\/wordpress\/segunda\/wp-json\/wp\/v2\/users\/1"}],"replies":[{"embeddable":true,"href":"https:\/\/www.tucomarca.com\/wordpress\/segunda\/wp-json\/wp\/v2\/comments?post=111676"}],"version-history":[{"count":0,"href":"https:\/\/www.tucomarca.com\/wordpress\/segunda\/wp-json\/wp\/v2\/posts\/111676\/revisions"}],"wp:featuredmedia":[{"embeddable":true,"href":"https:\/\/www.tucomarca.com\/wordpress\/segunda\/wp-json\/wp\/v2\/media\/111558"}],"wp:attachment":[{"href":"https:\/\/www.tucomarca.com\/wordpress\/segunda\/wp-json\/wp\/v2\/media?parent=111676"}],"wp:term":[{"taxonomy":"category","embeddable":true,"href":"https:\/\/www.tucomarca.com\/wordpress\/segunda\/wp-json\/wp\/v2\/categories?post=111676"},{"taxonomy":"post_tag","embeddable":true,"href":"https:\/\/www.tucomarca.com\/wordpress\/segunda\/wp-json\/wp\/v2\/tags?post=111676"}],"curies":[{"name":"wp","href":"https:\/\/api.w.org\/{rel}","templated":true}]}}