{"id":111757,"date":"2020-08-13T17:00:07","date_gmt":"2020-08-13T15:00:07","guid":{"rendered":"http:\/\/www.tucomarca.com\/wordpress\/segunda\/?p=111757"},"modified":"2020-08-13T20:49:07","modified_gmt":"2020-08-13T18:49:07","slug":"cortes-de-pallas-imparte-una-charla-formativa-para-su-personal-de-ayuda-a-domicilio","status":"publish","type":"post","link":"https:\/\/www.tucomarca.com\/wordpress\/segunda\/cortes-de-pallas-imparte-una-charla-formativa-para-su-personal-de-ayuda-a-domicilio\/","title":{"rendered":"Cortes de Pall\u00e1s imparte una charla formativa para su personal de Ayuda a Domicilio"},"content":{"rendered":"\n<p>Desde el \u00e1rea de Servicios Sociales llevada desde la alcald\u00eda por Fernando Navarro, junto con Inma Valles, trabajadora social del Ayuntamiento de Cortes de Pall\u00e1s, y la colaboraci\u00f3n voluntaria de la Cruz Roja de Ayora, se ha impartido una charla para poder ofrecer la informaci\u00f3n necesaria sobre la utilizaci\u00f3n de los EPIS en caso de &nbsp;la necesidad ante la pandemia por COVID-19.<\/p>\n\n\n\n<p>En esta charla han estado presentes todos los trabajadores y trabajadoras de Ayuda Domiciliaria de este Ayuntamiento.<\/p>\n\n\n\n<p>Desde el ayuntamiento \u00abagradecemos la ayuda desinteresada por parte de Cruz Roja de Ayora, por su formaci\u00f3n gratuita, as\u00ed como por parte de la trabajadora social al igual que el resto del personal de Ayuda a Domicilio\u00bb.<\/p>\n","protected":false},"excerpt":{"rendered":"<div class=\"mh-excerpt\">Desde el \u00e1rea de Servicios Sociales llevada desde la alcald\u00eda por Fernando Navarro, junto con Inma Valles, trabajadora social del Ayuntamiento de Cortes de Pall\u00e1s, y la colaboraci\u00f3n voluntaria de la Cruz Roja de Ayora, <a class=\"mh-excerpt-more\" href=\"https:\/\/www.tucomarca.com\/wordpress\/segunda\/cortes-de-pallas-imparte-una-charla-formativa-para-su-personal-de-ayuda-a-domicilio\/\" title=\"Cortes de Pall\u00e1s imparte una charla formativa para su personal de Ayuda a Domicilio\">[+] <\/a><\/div>\n","protected":false},"author":12,"featured_media":111759,"comment_status":"open","ping_status":"open","sticky":false,"template":"","format":"standard","meta":{"footnotes":""},"categories":[38,119,40,12201,128,8,3],"tags":[10835,11937,11938,11951,1149,10651],"class_list":{"0":"post-111757","1":"post","2":"type-post","3":"status-publish","4":"format-standard","5":"has-post-thumbnail","7":"category-ayora-cofrentes","8":"category-sanidad-la-comarca","9":"category-cortes-de-pallas","10":"category-covid-19","11":"category-infraestructuras","12":"category-la-comarca","13":"category-seccion","14":"tag-ayuntamiento-de-cortes-de-pallas","15":"tag-coronavirus","16":"tag-covid-19","17":"tag-covid2019","18":"tag-cruz-roja","19":"tag-el-valle-de-ayora-cofrentes"},"_links":{"self":[{"href":"https:\/\/www.tucomarca.com\/wordpress\/segunda\/wp-json\/wp\/v2\/posts\/111757","targetHints":{"allow":["GET"]}}],"collection":[{"href":"https:\/\/www.tucomarca.com\/wordpress\/segunda\/wp-json\/wp\/v2\/posts"}],"about":[{"href":"https:\/\/www.tucomarca.com\/wordpress\/segunda\/wp-json\/wp\/v2\/types\/post"}],"author":[{"embeddable":true,"href":"https:\/\/www.tucomarca.com\/wordpress\/segunda\/wp-json\/wp\/v2\/users\/12"}],"replies":[{"embeddable":true,"href":"https:\/\/www.tucomarca.com\/wordpress\/segunda\/wp-json\/wp\/v2\/comments?post=111757"}],"version-history":[{"count":0,"href":"https:\/\/www.tucomarca.com\/wordpress\/segunda\/wp-json\/wp\/v2\/posts\/111757\/revisions"}],"wp:featuredmedia":[{"embeddable":true,"href":"https:\/\/www.tucomarca.com\/wordpress\/segunda\/wp-json\/wp\/v2\/media\/111759"}],"wp:attachment":[{"href":"https:\/\/www.tucomarca.com\/wordpress\/segunda\/wp-json\/wp\/v2\/media?parent=111757"}],"wp:term":[{"taxonomy":"category","embeddable":true,"href":"https:\/\/www.tucomarca.com\/wordpress\/segunda\/wp-json\/wp\/v2\/categories?post=111757"},{"taxonomy":"post_tag","embeddable":true,"href":"https:\/\/www.tucomarca.com\/wordpress\/segunda\/wp-json\/wp\/v2\/tags?post=111757"}],"curies":[{"name":"wp","href":"https:\/\/api.w.org\/{rel}","templated":true}]}}