{"id":111767,"date":"2020-08-13T20:08:19","date_gmt":"2020-08-13T18:08:19","guid":{"rendered":"http:\/\/www.tucomarca.com\/wordpress\/segunda\/?p=111767"},"modified":"2020-08-13T20:08:23","modified_gmt":"2020-08-13T18:08:23","slug":"bunol-se-suma-a-los-nuevos-brotes-de-las-ultimas-horas-con-seis-positivos-de-origen-laboral","status":"publish","type":"post","link":"https:\/\/www.tucomarca.com\/wordpress\/segunda\/bunol-se-suma-a-los-nuevos-brotes-de-las-ultimas-horas-con-seis-positivos-de-origen-laboral\/","title":{"rendered":"Bu\u00f1ol se suma a los nuevos brotes de las \u00faltimas horas con seis positivos de origen laboral"},"content":{"rendered":"\n<p>La consellera de Sanitat Universal i Salut P\u00fablica, Ana Barcel\u00f3, ha comparecido este jueves en rueda de prensa para informar de los nuevos brotes que oficialmente se han detectado durante las \u00faltimas horas en la Comunitat. Entre ellos se encuentra el de Bu\u00f1ol, uno de los m\u00e1s numerosos del interior de la provincia de Valencia con seis casos y con origen laboral, seg\u00fan el criterio de la Conselleria de Sanitat. A \u00e9l se une otro en Burjassot con 11 positivos con origen social.<\/p>\n\n\n\n<p>Aunque la ciudad de Val\u00e8ncia sigue siendo la que m\u00e1s nuevos brotes acumula, concretamente ocho, todos ellos de origen social y uno de origen socio laboral; con 3, 4, 5 o 7 personas implicadas en cada uno de ellos.<\/p>\n\n\n\n<p>A estos se suman los nuevos brotes en Mislata (3 casos de origen social; Picassent (3 casos de origen social); Torrevieja (3 casos de origen social); Pinoso (3 casos de origen social); Meliana (3 casos de origen social); Sagunto (5 casos de origen social); Paterna (3 casos de origen laboral).<\/p>\n\n\n\n<p>Ana Barcel\u00f3 ha anunciado adem\u00e1s medidas especiales de contenci\u00f3n y prevenci\u00f3n del coronavirus en la ciudad de Val\u00e8ncia. Estas limitaciones afectan a la hosteler\u00eda y el ocio nocturno, al \u00e1mbito del espacio familiar y social, y a las residencias de mayores.&nbsp;<\/p>\n\n\n\n<p>Los cambios, que entrar\u00e1n en vigor a partir de este viernes, vienen motivados por la evoluci\u00f3n de los contagios en la ciudad de Val\u00e8ncia, que ha experimentado un aumento de brotes en las \u00faltimas semanas. La mayor\u00eda de brotes (97,8%) se dan en el \u00e1mbito comunitario y casi la mitad afectan a personas de entre 15 y 34 a\u00f1os.<\/p>\n\n\n\n<p>\u00abComo saben, se ha producido un aumento de los casos y, gracias a la labor de los rastreadores, hemos podido detectar d\u00f3nde se produc\u00edan los brotes y contener, en la medida de lo posible, su propagaci\u00f3n\u00bb, ha explicado la consellera.<\/p>\n\n\n\n<p>Para avanzar en esta contenci\u00f3n y prevenci\u00f3n, a partir de este viernes, los establecimientos y servicios de hosteler\u00eda y restauraci\u00f3n deber\u00e1n asegurar la distancia de 1,5 metros entre personas situadas en diferentes mesas, y la ocupaci\u00f3n m\u00e1xima ser\u00e1 de 10 personas por mesa o agrupaci\u00f3n de mesas. Adem\u00e1s, los bares y restaurantes deber\u00e1n cerrar a la 1.30 horas.<\/p>\n\n\n\n<p>En los hoteles y alojamientos tur\u00edsticos, las zonas comunes tendr\u00e1n un l\u00edmite del 60% de la capacidad m\u00e1xima de aforo. Por otro lado, las actividades grupales tendr\u00e1n un l\u00edmite de 25 personas.<\/p>\n\n\n\n<p>En las actividades culturales al aire libre, el aforo estar\u00e1 limitado al 60% de la capacidad m\u00e1xima, y la mascarilla ser\u00e1 obligatoria, aunque se guarde la distancia de 1,5 metros.<\/p>\n\n\n\n<p>Las discotecas, locales y bares de ocio nocturno deber\u00e1n cerrar a la 1.30 horas. No podr\u00e1 haber pista de baile, pero s\u00ed se podr\u00e1n colocar mesas con la distancia requerida hasta alcanzar un l\u00edmite del 60% de la capacidad m\u00e1xima.<\/p>\n\n\n\n<p>La consellera ha anunciado tambi\u00e9n que el botell\u00f3n o el consumo colectivo en el espacio p\u00fablico quedar\u00e1 declarado como situaci\u00f3n de insalubridad.<\/p>\n\n\n\n<p>Las medidas en el \u00e1mbito familiar y social de car\u00e1cter privado pasan por fijar un m\u00e1ximo de 15 personas en reuniones familiares o de amistades.<\/p>\n\n\n\n<p>Finalmente, en el \u00e1mbito de las residencias de personas mayores, quedar\u00e1n suspendidas las visitas, as\u00ed como las salidas de las personas residentes, \u00absiempre manteniendo las excepciones por razones sanitarias o bajo criterio m\u00e9dico\u00bb, ha explicado la consellera.&nbsp;<\/p>\n\n\n\n<p>No obstante, Barcel\u00f3 ha insistido en que \u00abestas medidas podr\u00e1n hacerse extensivas a otros puntos de la Comunitat Valenciana si la situaci\u00f3n as\u00ed lo requiere\u00bb.<\/p>\n\n\n\n<p><strong>La Comunitat Valenciana suma ya 1.210 personas rastreadoras<\/strong><\/p>\n\n\n\n<p>Por otro lado, la consellera ha destacado el papel de las personas rastreadoras. En este sentido, ha anunciado que la Comunitat Valenciana ha incorporado ya a 1.210 personas rastreadoras que se encargar\u00e1n de las labores de seguimiento de los casos de coronavirus.&nbsp;<\/p>\n\n\n\n<p>\u00abSon una figura primordial, ya que son fundamentales para detectar contagios y aislarlos a tiempo para evitar que un brote derive en una trasmisi\u00f3n comunitaria. Tienen una gran responsabilidad, pero el trabajo depende sobre todo de la colaboraci\u00f3n ciudadana\u00bb, ha recalcado.<\/p>\n\n\n\n<p><strong>Actualizaci\u00f3n diaria de casos de coronavirus<\/strong><\/p>\n\n\n\n<p>Durante la comparecencia, tambi\u00e9n ha actualizado las cifras diarias de evoluci\u00f3n de la pandemia. La Comunitat Valenciana ha sumado en las \u00faltimas 24 horas 358 nuevos casos de coronavirus, que sit\u00faan la cifra total de positivos en 16.306 personas. Por provincias, la distribuci\u00f3n es la siguiente: 28 en Castell\u00f3n (2.020 en total); 84 en la provincia de Alicante (5.256 en total); y 246 en la provincia de Valencia (9.019 en total), a la que se ha reasignado 1 caso anterior. Adem\u00e1s, hay que sumar otros 11 casos no asignados de d\u00edas anteriores.<\/p>\n\n\n\n<p>Por otro lado, se han dado 255 altas a pacientes con coronavirus, por lo que el total de personas curadas desde el inicio de la pandemia asciende a 20.376: 2.841 en Castell\u00f3n, 6.738 en Alicante y 10.765 en Valencia. Adem\u00e1s hay un acumulado de 32 altas no asignadas.<\/p>\n\n\n\n<p>De esta forma, en estos momentos hay activos 2.650 casos, lo que supone un 10,81% del total de positivos.<\/p>\n\n\n\n<p>Los hospitales valencianos tienen, actualmente, 201 personas ingresadas: 6 en la provincia de Castell\u00f3n, sin pacientes en UCI; 52 en la provincia de Alicante, de ellos 7 en la UCI; y 143 en la provincia de Valencia, 13 de ellos en UCI.<\/p>\n\n\n\n<p>De los hospitalizados, a d\u00eda de hoy, el 85% es mayor de 35 a\u00f1os y el 39% supera los 65 a\u00f1os. Los menores de 34 a\u00f1os suponen el 15%.<\/p>\n\n\n\n<p>En UCI, todos los ingresados superan los 35 a\u00f1os y el 32% tiene m\u00e1s de 65 a\u00f1os.<\/p>\n\n\n\n<p>No se ha registrado ning\u00fan fallecimiento por coronavirus desde este mi\u00e9rcoles, por lo que el total de defunciones se mantiene en 1.486 personas: 227 en la provincia de Castell\u00f3n, 518 en la de Alicante y 741 en la de Valencia.<\/p>\n\n\n\n<p>El n\u00famero total de pruebas llevadas a cabo para la detecci\u00f3n del coronavirus asciende a 670.168, de las que 533.412 han sido a trav\u00e9s de PCR y 136.756 mediante test r\u00e1pido.<\/p>\n\n\n\n<p><strong>Actualizaci\u00f3n de la situaci\u00f3n en residencias<\/strong><\/p>\n\n\n\n<p>En estos momentos hay alg\u00fan caso positivo en 20 residencias de mayores (9 en la provincia de Alicante y 11 en la provincia de Valencia), 5 residencias de personas con diversidad funcional (1 en la provincia de Castell\u00f3n, 2 en la provincia de Alicante y 2 en provincia de Valencia) y 2 centros de menores en la provincia de Valencia.<\/p>\n\n\n\n<p>&#8211; Residentes nuevos positivos: 11&nbsp;<\/p>\n\n\n\n<p>&#8211; Personal nuevo positivo: 7<\/p>\n\n\n\n<p>&#8211; Residentes que han fallecido: 0<\/p>\n\n\n\n<p>Actualmente se encuentran bajo vigilancia activa de control sanitario 3 residencias en la Comunitat Valenciana: 0 en la provincia de Castell\u00f3n, 1 en la provincia de Alicante y 2 en la provincia de Valencia.<\/p>\n","protected":false},"excerpt":{"rendered":"<div class=\"mh-excerpt\">La consellera de Sanitat Universal i Salut P\u00fablica, Ana Barcel\u00f3, ha comparecido este jueves en rueda de prensa para informar de los nuevos brotes que oficialmente se han detectado durante las \u00faltimas horas en la <a class=\"mh-excerpt-more\" href=\"https:\/\/www.tucomarca.com\/wordpress\/segunda\/bunol-se-suma-a-los-nuevos-brotes-de-las-ultimas-horas-con-seis-positivos-de-origen-laboral\/\" title=\"Bu\u00f1ol se suma a los nuevos brotes de las \u00faltimas horas con seis positivos de origen laboral\">[+] <\/a><\/div>\n","protected":false},"author":1,"featured_media":111770,"comment_status":"open","ping_status":"open","sticky":false,"template":"","format":"standard","meta":{"footnotes":""},"categories":[18,119,12201,128,8,10,117,142,3,116,45],"tags":[11937,11938,11951,5952],"class_list":{"0":"post-111767","1":"post","2":"type-post","3":"status-publish","4":"format-standard","5":"has-post-thumbnail","7":"category-bunol","8":"category-sanidad-la-comarca","9":"category-covid-19","10":"category-infraestructuras","11":"category-la-comarca","12":"category-la-hoya","13":"category-medio-ambiente-la-comarca","14":"category-politica-la-comarca","15":"category-seccion","16":"category-sucesos-la-comarca","17":"category-ventana","18":"tag-coronavirus","19":"tag-covid-19","20":"tag-covid2019","21":"tag-la-hoya-de-bunol-chiva"},"_links":{"self":[{"href":"https:\/\/www.tucomarca.com\/wordpress\/segunda\/wp-json\/wp\/v2\/posts\/111767","targetHints":{"allow":["GET"]}}],"collection":[{"href":"https:\/\/www.tucomarca.com\/wordpress\/segunda\/wp-json\/wp\/v2\/posts"}],"about":[{"href":"https:\/\/www.tucomarca.com\/wordpress\/segunda\/wp-json\/wp\/v2\/types\/post"}],"author":[{"embeddable":true,"href":"https:\/\/www.tucomarca.com\/wordpress\/segunda\/wp-json\/wp\/v2\/users\/1"}],"replies":[{"embeddable":true,"href":"https:\/\/www.tucomarca.com\/wordpress\/segunda\/wp-json\/wp\/v2\/comments?post=111767"}],"version-history":[{"count":0,"href":"https:\/\/www.tucomarca.com\/wordpress\/segunda\/wp-json\/wp\/v2\/posts\/111767\/revisions"}],"wp:featuredmedia":[{"embeddable":true,"href":"https:\/\/www.tucomarca.com\/wordpress\/segunda\/wp-json\/wp\/v2\/media\/111770"}],"wp:attachment":[{"href":"https:\/\/www.tucomarca.com\/wordpress\/segunda\/wp-json\/wp\/v2\/media?parent=111767"}],"wp:term":[{"taxonomy":"category","embeddable":true,"href":"https:\/\/www.tucomarca.com\/wordpress\/segunda\/wp-json\/wp\/v2\/categories?post=111767"},{"taxonomy":"post_tag","embeddable":true,"href":"https:\/\/www.tucomarca.com\/wordpress\/segunda\/wp-json\/wp\/v2\/tags?post=111767"}],"curies":[{"name":"wp","href":"https:\/\/api.w.org\/{rel}","templated":true}]}}