{"id":112008,"date":"2020-08-18T23:20:45","date_gmt":"2020-08-18T21:20:45","guid":{"rendered":"http:\/\/www.tucomarca.com\/wordpress\/segunda\/?p=112008"},"modified":"2020-08-19T12:44:16","modified_gmt":"2020-08-19T10:44:16","slug":"la-guardia-civil-destruye-en-una-cantera-de-bunol-una-caja-con-explosivos-deteriorados-encontrados-en-una-vivienda-de-villar-de-los-olmos","status":"publish","type":"post","link":"https:\/\/www.tucomarca.com\/wordpress\/segunda\/la-guardia-civil-destruye-en-una-cantera-de-bunol-una-caja-con-explosivos-deteriorados-encontrados-en-una-vivienda-de-villar-de-los-olmos\/","title":{"rendered":"La Guardia Civil destruye en una cantera de Bu\u00f1ol una caja con explosivos deteriorados encontrados en una vivienda de Villar de los Olmos"},"content":{"rendered":"\n<p>Seg\u00fan han informado fuentes de la Comandancia de la Guardia Civil de Valencia, el pasado  d\u00eda 14 de agosto una mujer acudi\u00f3 al cuartel de Requena \u00abcomunicando la aparici\u00f3n de una caja de supuestos explosivos en su vivienda de la pedan\u00eda de Villar de los Olmos Requena mientras realizaba una limpieza\u00bb.<\/p>\n\n\n\n<p>Una vez conocidos los hechos, el equipo de desactivaci\u00f3n de explosivos de la Guardia Civil de Valencia se desplaz\u00f3 al lugar, \u00abcomprobando que se trataba de explosivos con los etiquetados caducados y deteriorados, se trata 17.5 kg de AMONITA en formato de cartuchos, 8.5 metros de mecha lenta embreada y 10 detonadores pirot\u00e9cnicos ordinarios\u00bb.<\/p>\n\n\n\n<p>Los explosivos fueron destruidos por los agentes en una cantera del t\u00e9rmino municipal de Bu\u00f1ol zona indicada para estos cometidos.<\/p>\n\n\n\n<p>Desde la Guardia Civil de Valencia se recuerda que la forma de actuar ante el hallazgo de alg\u00fan artefacto explosivo consiste en \u00abno tocar, ni manipular el objeto y avisar de inmediato a la Guardia Civil a trav\u00e9s del 062\u00bb.<\/p>\n","protected":false},"excerpt":{"rendered":"<div class=\"mh-excerpt\">Seg\u00fan han informado fuentes de la Comandancia de la Guardia Civil de Valencia, el pasado d\u00eda 14 de agosto una mujer acudi\u00f3 al cuartel de Requena \u00abcomunicando la aparici\u00f3n de una caja de supuestos explosivos <a class=\"mh-excerpt-more\" href=\"https:\/\/www.tucomarca.com\/wordpress\/segunda\/la-guardia-civil-destruye-en-una-cantera-de-bunol-una-caja-con-explosivos-deteriorados-encontrados-en-una-vivienda-de-villar-de-los-olmos\/\" title=\"La Guardia Civil destruye en una cantera de Bu\u00f1ol una caja con explosivos deteriorados encontrados en una vivienda de Villar de los Olmos\">[+] <\/a><\/div>\n","protected":false},"author":1,"featured_media":112009,"comment_status":"open","ping_status":"open","sticky":false,"template":"","format":"standard","meta":{"footnotes":""},"categories":[18,8,10,28,27,3,116,45],"tags":[5952,3912,10400,12475],"class_list":{"0":"post-112008","1":"post","2":"type-post","3":"status-publish","4":"format-standard","5":"has-post-thumbnail","7":"category-bunol","8":"category-la-comarca","9":"category-la-hoya","10":"category-requena","11":"category-requena-utiel","12":"category-seccion","13":"category-sucesos-la-comarca","14":"category-ventana","15":"tag-la-hoya-de-bunol-chiva","16":"tag-la-serrania","17":"tag-los-serranos","18":"tag-villar-de-los-olmos"},"_links":{"self":[{"href":"https:\/\/www.tucomarca.com\/wordpress\/segunda\/wp-json\/wp\/v2\/posts\/112008","targetHints":{"allow":["GET"]}}],"collection":[{"href":"https:\/\/www.tucomarca.com\/wordpress\/segunda\/wp-json\/wp\/v2\/posts"}],"about":[{"href":"https:\/\/www.tucomarca.com\/wordpress\/segunda\/wp-json\/wp\/v2\/types\/post"}],"author":[{"embeddable":true,"href":"https:\/\/www.tucomarca.com\/wordpress\/segunda\/wp-json\/wp\/v2\/users\/1"}],"replies":[{"embeddable":true,"href":"https:\/\/www.tucomarca.com\/wordpress\/segunda\/wp-json\/wp\/v2\/comments?post=112008"}],"version-history":[{"count":0,"href":"https:\/\/www.tucomarca.com\/wordpress\/segunda\/wp-json\/wp\/v2\/posts\/112008\/revisions"}],"wp:featuredmedia":[{"embeddable":true,"href":"https:\/\/www.tucomarca.com\/wordpress\/segunda\/wp-json\/wp\/v2\/media\/112009"}],"wp:attachment":[{"href":"https:\/\/www.tucomarca.com\/wordpress\/segunda\/wp-json\/wp\/v2\/media?parent=112008"}],"wp:term":[{"taxonomy":"category","embeddable":true,"href":"https:\/\/www.tucomarca.com\/wordpress\/segunda\/wp-json\/wp\/v2\/categories?post=112008"},{"taxonomy":"post_tag","embeddable":true,"href":"https:\/\/www.tucomarca.com\/wordpress\/segunda\/wp-json\/wp\/v2\/tags?post=112008"}],"curies":[{"name":"wp","href":"https:\/\/api.w.org\/{rel}","templated":true}]}}