{"id":112215,"date":"2020-08-22T10:10:57","date_gmt":"2020-08-22T08:10:57","guid":{"rendered":"http:\/\/www.tucomarca.com\/wordpress\/segunda\/?p=112215"},"modified":"2020-08-22T10:48:27","modified_gmt":"2020-08-22T08:48:27","slug":"el-museu-de-prehistoria-de-valencia-programa-visitas-guiadas-a-los-yacimientos-valencianos-en-colaboracion-con-16-municipios","status":"publish","type":"post","link":"https:\/\/www.tucomarca.com\/wordpress\/segunda\/el-museu-de-prehistoria-de-valencia-programa-visitas-guiadas-a-los-yacimientos-valencianos-en-colaboracion-con-16-municipios\/","title":{"rendered":"El Museu de Prehist\u00f2ria de Val\u00e8ncia programa visitas guiadas a los yacimientos valencianos en colaboraci\u00f3n con 16 municipios"},"content":{"rendered":"\n<p>El Museu de Prehist\u00f2ria de Val\u00e8ncia, adscrito al \u00e1rea de Cultura de la Diputaci\u00f3, junto a diecis\u00e9is municipios, proponen un amplio programa de actividades que incluye visitas guiadas, talleres did\u00e1cticos y rutas de senderismo, adem\u00e1s de dar a conocer el patrimonio arqueol\u00f3gico de \u00e9poca prehist\u00f3rica e ib\u00e9rica en tierras valencianas.<\/p>\n\n\n\n<p>Los yacimientos se encuentran por toda la geograf\u00eda valenciana empezando en el norte por Ademuz, Aras de los Olmos, G\u00e1tova, Villar del Arzobispo, Camporrobles, Caudete de las Fuentes, Ll\u00edria, Olocau, Sagunto, Moncada, Y\u00e1tova, Bicorp, Ayora, Moixent, para llegar finalmente a Tavernes de la Valldigna y Gandia.<\/p>\n\n\n\n<p>Para el diputado de cultura, Xavier&nbsp;Rius, \u201ces importante destacar que los valencianos y las valencianas disponemos de un gran legado hist\u00f3rico y desde el Museo de Prehistoria trabajamos para difundir de los yacimientos para que la gente valore la gran herencia cultural que tenemos y el gran trabajo de investigaci\u00f3n que hacen nuestros equiposde arqueolog\u00eda.\u201d<\/p>\n\n\n\n<p><strong>Antes de los \u00edberos<\/strong><\/p>\n\n\n\n<p>La Cueva del Parpall\u00f3, en&nbsp;Gandia, abre este verano las puertas de su centro de interpretaci\u00f3n los fines de semana y, adem\u00e1s, ofrece visitas guiadas a la cueva los s\u00e1bados a las 10:00.<\/p>\n\n\n\n<p>La cueva es el yacimiento del Paleol\u00edtico superior m\u00e1s importante de las tierras valencianas. Destacan las m\u00e1s de 5.000 plaquetas decoradas con grabados y pintura, hoy depositadas en los museos de Prehistoria de Val\u00e8ncia y MAGa de Gandia.<\/p>\n\n\n\n<p>(El tel\u00e9fono y contacto de reservas es 667 697 448 y el correo es medinatural@gandia.org)<\/p>\n\n\n\n<p>La Cueva de la Ara\u00f1a&nbsp;y el&nbsp;Barranco Moreno&nbsp;de&nbsp;Bicorp, ofrecen visitas guiadas -con reserva previa- a los dos conjuntos que forman parte de la declaraci\u00f3n de Patrimonio Mundial desde 1998. El Ecomuseu de Bicorp est\u00e1 abierto de mi\u00e9rcoles a domingo de 10:00 a 14:00.<\/p>\n\n\n\n<p>La Cueva de la Ara\u00f1a y los yacimientos del Barranco Moreno, ubicados en unos parajes naturales privilegiados, forman una de las agrupaciones de arte rupestre neol\u00edtico m\u00e1s importantes de las comarcas valencianas.<\/p>\n\n\n\n<p>Por otro lado, el Ecomuseu ofrece los s\u00e1bados, a las 10:00, visitas guiadas al resto del patrimonio rupestre de la comarca (Cinto de las Letras de Dos Aguas, Abric de Vicent de Millares, Abrigo del Garrofero y de Voro de Navarr\u00e9s y Quesa).<\/p>\n\n\n\n<p>(Las reservas se hacen desde la web del Ecomuseu. Informaci\u00f3n a los tel\u00e9fonos 962 269 403 o 647 410 818 y al correo info@ecomuseodebicorp.com)<\/p>\n\n\n\n<p>La Cova del Bolomor&nbsp;es un importante yacimiento situado en&nbsp;Tavernes de la Valldigna, que se excava con la colaboraci\u00f3n del \u00e1rea de Cultura. Bolomor ofrece talleres did\u00e1cticos los s\u00e1bados por la tarde del mes de agosto en el Parque Arqueol\u00f3gico, adem\u00e1s de la experiencia\u201cCampamento Neandertal\u201d las noches del 12 y el 26 de septiembre yvisitas guiadas por la ma\u00f1ana de los d\u00edas 13, 19, 20 y 27 de septiembre.<\/p>\n\n\n\n<p>Bolomor es un yacimiento paleol\u00edtico \u00fanico en el mundo, en el cual se han recuperado a lo largo de a\u00f1os de trabajo miles de piezas l\u00edticas trabajadas y de huesos, que constituyen una de las m\u00e1ximas colecciones f\u00f3siles del Pleistoceno mediano de la Europa mediterr\u00e1nea.<\/p>\n\n\n\n<p>(Informaci\u00f3n y reservas al tel\u00e9fono 645 977 022 o al correo electr\u00f3nico visitas@bolomor.com)<\/p>\n\n\n\n<p><strong>Propuestas para acercarnos al mundo de los \u00edberos<\/strong><\/p>\n\n\n\n<p>El yacimiento de la&nbsp;Bastida de les Alcusses, situado en&nbsp;Moixent,&nbsp;es un asentamiento \u00edbero del siglo IV a. C. que destaca por su sistema defensivo conformado por una muralla, varias torres adosadas y cuatro puertas de acceso.<\/p>\n\n\n\n<p>Ofrece visitas guiadas gratuitas de mi\u00e9rcoles a domingo, de 10:30 a 14:00 horas; y visitas libres de martes a s\u00e1bado, de 10:00 a 14:00 y de 18:00 a 20:00, y domingos y festivos de 10:00 a 14:00.<\/p>\n\n\n\n<p>(Informaci\u00f3n y reservas 687 836 717\/545, y al correo electr\u00f3nico labastida@moixent.es)<\/p>\n\n\n\n<p>El yacimiento de&nbsp;Puntal dels Llops, ubicado en el municipio de&nbsp;Olocau, fue una fortaleza clave para la defensa y la vigilancia del territorio edetano, ocupado durante los siglos V al II a. C. y de la cual destaca su muralla, la torre de vig\u00eda y un conjunto de habitaciones abiertas en una calle central que recorre longitudinalmente el asentamiento.<\/p>\n\n\n\n<p>Se puede visitar en verano gratuitamente con gu\u00eda desde las 9:30 hasta las 13:30, e incluye la visita en la colecci\u00f3n museogr\u00e1fica de la Casa de la Se\u00f1or\u00eda.<\/p>\n\n\n\n<p>(Informaci\u00f3n y reservas al 672 794 404 o puntal.llops@olocau.es)<\/p>\n\n\n\n<p>Las visitas gratuitas organizadas en el yacimiento de&nbsp;Los Villares&nbsp;de Caudete de las Fuentes, se realizar\u00e1n de mi\u00e9rcoles a domingo de 18:00 a 21:00 el mes de agosto, y de 17:30 a 20:00 en septiembre. Adem\u00e1s los s\u00e1bados y domingos se podr\u00e1 visitar de 9 a 11 horas. Tambi\u00e9n se podr\u00e1 visitar la colecci\u00f3n museogr\u00e1fica con reserva previa y aforo limitado.<\/p>\n\n\n\n<p>Los Villares ha sido identificado como la antigua ciudad ib\u00e9rica de Kelin, que vivi\u00f3 su m\u00e1ximo esplendor en torno los siglos IV-III a. C. y lleg\u00f3 a convertirse en la capital de un amplio territorio \u00edbero.<\/p>\n\n\n\n<p>(Informaci\u00f3n y reservas al 962 319 002 o a conocekelin@gmail.com)<\/p>\n\n\n\n<p>El Mol\u00f3n&nbsp;de&nbsp;Camporrobles, en la cumbre de una monta\u00f1a en la comarca de Requena-Utiel, ofrecer\u00e1 visitas guiadas gratuitas al yacimiento y en el centro de interpretaci\u00f3n todos los s\u00e1bados de 9:00 a 13:00 y de 16:00 a 20:00; y los domingos y festivos de 9:00 a 13:00, con cita previa y n\u00famero limitado de participados.<\/p>\n\n\n\n<p>Del poblado se puede destacar el complejo sistema defensivo y algunos aposentos abiertos a un espacio central donde hay una gran cisterna, todo en un paraje protegido de gran valor paisaj\u00edstico.<\/p>\n\n\n\n<p>(Informaci\u00f3n y reservas al 637 593 568 y al 962 181 006 o al correo Camporrobles.ayuntamiento@cv.gva.es)<\/p>\n\n\n\n<p>El asentamiento \u00edbero de&nbsp;El Torrej\u00f3n&nbsp;de&nbsp;G\u00e0tova, ofrece visitas guiadas gratuitas -previa reserva- de lunes a viernes y los fines de semana con grupos m\u00ednimos de 4 personas los s\u00e1bados y 10 personas los domingos. El yacimiento tiene una gran torre rectangular utilizada entre los siglos IV y II a. C., as\u00ed como restos de la muralla y estructuras de vivienda. El pr\u00f3ximo d\u00eda 22 de agosto est\u00e1 programada una visita nocturna al yacimiento y observaci\u00f3n de estrellas, con la colaboraci\u00f3n del Parque Natural Serra Calderona (plazas limitadas).<\/p>\n\n\n\n<p>(Informaci\u00f3n y reservas al 964 126 001 o al correo electr\u00f3nico torrej\u00f3n@gatova.es)<\/p>\n\n\n\n<p>El yacimiento de&nbsp;La Celadilla&nbsp;de&nbsp;Ademuz, organiza visitas senderistasguiadas, bajo el t\u00edtulo \u201cLa Celadilla, del Turia a los \u00edberos\u201d dentro del proyecto \u201cAdemuz con los cinco Sentidos\u201d, que&nbsp;se realizan lunes (por la ma\u00f1ana), viernes (por la tarde) y s\u00e1bados (por la ma\u00f1ana).<\/p>\n\n\n\n<p>La Celadilla fue una peque\u00f1a aldea destruida por un incendio alrededor del a\u00f1o 350 a.C.<\/p>\n\n\n\n<p>(Informaci\u00f3n y reservas al 666 715 445 o al correo electr\u00f3nico ademuzguia@gmail.com. El importe \u00edntegro de la recaudaci\u00f3n ser\u00e1 para una ONG)<\/p>\n\n\n\n<p>Castellar de Meca&nbsp;de&nbsp;Ayora&nbsp;es uno de los yacimientos m\u00e1s singulares y espectaculares de las tierras valencianas, gracias a una extensa red de caminos y estructuras rupestres. Se ubica en una propiedad privada, reserva de fauna, es por eso que se pide respetar los horarios y no abandonar los senderos. Solo se puede visitar los domingos de 9:00 a 14:00 en visita libre, puesto que en verano no hay visitas guiadas.<\/p>\n\n\n\n<p>(Informaci\u00f3n al tel\u00e9fono 96 189 06 58 o al correo electr\u00f3nico ayora@touristinfo.net)<\/p>\n\n\n\n<p>Y\u00e1tova&nbsp;ofrece visitas a su colecci\u00f3n museogr\u00e1fica durante este verano, y visitas guiadas al yacimiento ib\u00e9rico del&nbsp;Pico de los Ajos&nbsp;los d\u00edas 22 y 23 de agosto. Las excavaciones de este yacimiento, de donde proceden los famosos plomos expuestos en el Museo de Prehistoria, est\u00e1n actualmente en marcha con un proyecto de investigaci\u00f3n que pretende revalorizar el yacimiento y su conjunto de estructuras dom\u00e9sticas.<\/p>\n\n\n\n<p>(Reservas al tel\u00e9fono 962 516 131)<\/p>\n\n\n\n<p>El Tossal de Sant Miquel, en la localidad de&nbsp;Ll\u00edria, podr\u00e1 visitarse con reserva previa a partir de septiembre, con un protocolo de medidas de seguridad y un m\u00e1ximo de asistentes por orden de solicitud. Las personas visitantes que se acercan hasta Ll\u00edria descubrir\u00e1n que el Tossal de San Miquel era una gran ciudad habitada entre los siglos V y II antes de la era actual, identificada con la antigua Edeta.<\/p>\n\n\n\n<p>(Informaci\u00f3n en el tel\u00e9fono 962 791 522 o al correo lliria@touristinfo.net)<\/p>\n\n\n\n<p>El yacimiento ib\u00e9rico de&nbsp;El T\u00f2s Pelat&nbsp;de&nbsp;Moncada, ofrece visita guiada gratuita el d\u00eda 26 de septiembre. La salida est\u00e1 prevista desde la Ermita de Santa B\u00e0rbara a las 10:00. Fuera de esta fecha se pueden concertar visitas guiadas consultando al Museo Arqueol\u00f3gico Municipal.<\/p>\n\n\n\n<p>Este yacimiento cuenta con una gran muralla excavada y un sector de grandes viviendas, y conserva tambi\u00e9n parte de una calle. Su posici\u00f3n entre las grandes ciudades de Edeta (Ll\u00edria) y Arse (Sagunto) la convirti\u00f3 en un importante punto comercial entre ambas poblaciones.<\/p>\n\n\n\n<p>(Informaci\u00f3n y reservas al 961 301 752 o en museu@moncada.es)<\/p>\n\n\n\n<p>Los municipios de&nbsp;Aras de los Olmos&nbsp;y&nbsp;Villar del Arzobispo,&nbsp;en la comarca de la Serrania, y&nbsp;Sagunt, en el Camp de Morvedre, ofrecen itinerarios senderistas se\u00f1alizados que permiten a los visitantes disfrutar de su patrimonio \u00edbero al mismo tiempo que recorren una agradable ruta natural.<\/p>\n\n\n\n<p>Se puede encontrar la informaci\u00f3n completa en las p\u00e1ginas web del Ayuntamiento de Aras de los Olmos, el Ayuntamiento de Villar del Arzobispo y el blog de Sagunto Turismo.<\/p>\n","protected":false},"excerpt":{"rendered":"<div class=\"mh-excerpt\">El Museu de Prehist\u00f2ria de Val\u00e8ncia, adscrito al \u00e1rea de Cultura de la Diputaci\u00f3, junto a diecis\u00e9is municipios, proponen un amplio programa de actividades que incluye visitas guiadas, talleres did\u00e1cticos y rutas de senderismo, adem\u00e1s <a class=\"mh-excerpt-more\" href=\"https:\/\/www.tucomarca.com\/wordpress\/segunda\/el-museu-de-prehistoria-de-valencia-programa-visitas-guiadas-a-los-yacimientos-valencianos-en-colaboracion-con-16-municipios\/\" title=\"El Museu de Prehist\u00f2ria de Val\u00e8ncia programa visitas guiadas a los yacimientos valencianos en colaboraci\u00f3n con 16 municipios\">[+] <\/a><\/div>\n","protected":false},"author":1,"featured_media":112216,"comment_status":"open","ping_status":"open","sticky":false,"template":"","format":"standard","meta":{"footnotes":""},"categories":[223,49,69,101,39,38,338,46,236,37,176,70,8,10,42,47,59,7,181,27,3,171,11],"tags":[10397,10464,10395,1452,11094,10437],"class_list":{"0":"post-112215","1":"post","2":"type-post","3":"status-publish","4":"format-standard","5":"has-post-thumbnail","7":"category-ademuz-ademuz","8":"category-ademuz","9":"category-alzira","10":"category-aras-de-olmos","11":"category-ayora","12":"category-ayora-cofrentes","13":"category-bicorp","14":"category-camp-de-turia","15":"category-camporrobles","16":"category-caudete","17":"category-gatova","18":"category-la-canal-de-navarres","19":"category-la-comarca","20":"category-la-hoya","21":"category-la-ribera","22":"category-lliria","23":"category-los-serranos","24":"category-ocio-y-cultura","25":"category-olocau","26":"category-requena-utiel","27":"category-seccion","28":"category-villar-del-arzobispo","29":"category-yatova","30":"tag-ademuz","31":"tag-bicorp","32":"tag-camp-de-turia","33":"tag-la-canal-de-navarres-2","34":"tag-la-canal-de-navarres","35":"tag-olocau"},"_links":{"self":[{"href":"https:\/\/www.tucomarca.com\/wordpress\/segunda\/wp-json\/wp\/v2\/posts\/112215","targetHints":{"allow":["GET"]}}],"collection":[{"href":"https:\/\/www.tucomarca.com\/wordpress\/segunda\/wp-json\/wp\/v2\/posts"}],"about":[{"href":"https:\/\/www.tucomarca.com\/wordpress\/segunda\/wp-json\/wp\/v2\/types\/post"}],"author":[{"embeddable":true,"href":"https:\/\/www.tucomarca.com\/wordpress\/segunda\/wp-json\/wp\/v2\/users\/1"}],"replies":[{"embeddable":true,"href":"https:\/\/www.tucomarca.com\/wordpress\/segunda\/wp-json\/wp\/v2\/comments?post=112215"}],"version-history":[{"count":0,"href":"https:\/\/www.tucomarca.com\/wordpress\/segunda\/wp-json\/wp\/v2\/posts\/112215\/revisions"}],"wp:featuredmedia":[{"embeddable":true,"href":"https:\/\/www.tucomarca.com\/wordpress\/segunda\/wp-json\/wp\/v2\/media\/112216"}],"wp:attachment":[{"href":"https:\/\/www.tucomarca.com\/wordpress\/segunda\/wp-json\/wp\/v2\/media?parent=112215"}],"wp:term":[{"taxonomy":"category","embeddable":true,"href":"https:\/\/www.tucomarca.com\/wordpress\/segunda\/wp-json\/wp\/v2\/categories?post=112215"},{"taxonomy":"post_tag","embeddable":true,"href":"https:\/\/www.tucomarca.com\/wordpress\/segunda\/wp-json\/wp\/v2\/tags?post=112215"}],"curies":[{"name":"wp","href":"https:\/\/api.w.org\/{rel}","templated":true}]}}