{"id":112313,"date":"2020-08-23T14:00:52","date_gmt":"2020-08-23T12:00:52","guid":{"rendered":"http:\/\/www.tucomarca.com\/wordpress\/segunda\/?p=112313"},"modified":"2020-08-23T15:04:47","modified_gmt":"2020-08-23T13:04:47","slug":"video-asi-se-vivio-la-ofrenda-de-los-feos-en-la-feria-y-fiestas-de-bunol-2019","status":"publish","type":"post","link":"https:\/\/www.tucomarca.com\/wordpress\/segunda\/video-asi-se-vivio-la-ofrenda-de-los-feos-en-la-feria-y-fiestas-de-bunol-2019\/","title":{"rendered":"V\u00eddeo: as\u00ed se vivi\u00f3 la ofrenda de \u00abLos Feos\u00bb en la Feria y Fiestas de Bu\u00f1ol 2019"},"content":{"rendered":"\n<figure class=\"wp-block-embed-youtube wp-block-embed is-type-video is-provider-youtube wp-embed-aspect-16-9 wp-has-aspect-ratio\"><div class=\"wp-block-embed__wrapper\">\n<iframe loading=\"lazy\" title=\"V\u00eddeo: as\u00ed se vivi\u00f3 la ofrenda de &quot;Los Feos&quot; en la Feria y Fiestas de Bu\u00f1ol 2019\" width=\"500\" height=\"281\" src=\"https:\/\/www.youtube.com\/embed\/O3vZwQ2jvZI?feature=oembed\" frameborder=\"0\" allow=\"accelerometer; autoplay; clipboard-write; encrypted-media; gyroscope; picture-in-picture; web-share\" referrerpolicy=\"strict-origin-when-cross-origin\" allowfullscreen><\/iframe>\n<\/div><\/figure>\n\n\n\n<p>Este domingo, 23 de agosto de 2020, se ten\u00eda que haber podido disfrutar de la magn\u00edfica ofrenda floral a la patrona de Bu\u00f1ol por parte de la Sociedad Musical \u00abLa Art\u00edstica\u00bb de Bu\u00f1ol, entidad conocida popularmente como \u00abLos Feos\u00bb y que est\u00e1 dentro del programa de la Feria y Fiestas de la localidad. Unas celebraciones que la pandemia de coronavirus ha obligado a posponer. <\/p>\n\n\n\n<p>En <strong>tucomarca televisi\u00f3n<\/strong> queremos rememorar la jornada vivida durante la ma\u00f1ana del domingo, 25 de agosto de 2019, deseando poder disfrutar de la edici\u00f3n de 2021.<\/p>\n","protected":false},"excerpt":{"rendered":"<div class=\"mh-excerpt\">Este domingo, 23 de agosto de 2020, se ten\u00eda que haber podido disfrutar de la magn\u00edfica ofrenda floral a la patrona de Bu\u00f1ol por parte de la Sociedad Musical \u00abLa Art\u00edstica\u00bb de Bu\u00f1ol, entidad conocida <a class=\"mh-excerpt-more\" href=\"https:\/\/www.tucomarca.com\/wordpress\/segunda\/video-asi-se-vivio-la-ofrenda-de-los-feos-en-la-feria-y-fiestas-de-bunol-2019\/\" title=\"V\u00eddeo: as\u00ed se vivi\u00f3 la ofrenda de \u00abLos Feos\u00bb en la Feria y Fiestas de Bu\u00f1ol 2019\">[+] <\/a><\/div>\n","protected":false},"author":1,"featured_media":112316,"comment_status":"open","ping_status":"open","sticky":false,"template":"","format":"video","meta":{"footnotes":""},"categories":[18,66,12201,8,10,5,7,383,3,116,45,26],"tags":[11937,11938,11951,10484,5952,7112,10559],"class_list":{"0":"post-112313","1":"post","2":"type-post","3":"status-publish","4":"format-video","5":"has-post-thumbnail","7":"category-bunol","8":"category-musica","9":"category-covid-19","10":"category-la-comarca","11":"category-la-hoya","12":"category-la-semana-en-imagenes","13":"category-ocio-y-cultura","14":"category-pueblos-en-fiestas","15":"category-seccion","16":"category-sucesos-la-comarca","17":"category-ventana","18":"category-video","19":"tag-coronavirus","20":"tag-covid-19","21":"tag-covid2019","22":"tag-la-artistica","23":"tag-la-hoya-de-bunol-chiva","24":"tag-los-feos","25":"tag-sm-la-artistica-de-bunol","26":"post_format-post-format-video"},"_links":{"self":[{"href":"https:\/\/www.tucomarca.com\/wordpress\/segunda\/wp-json\/wp\/v2\/posts\/112313","targetHints":{"allow":["GET"]}}],"collection":[{"href":"https:\/\/www.tucomarca.com\/wordpress\/segunda\/wp-json\/wp\/v2\/posts"}],"about":[{"href":"https:\/\/www.tucomarca.com\/wordpress\/segunda\/wp-json\/wp\/v2\/types\/post"}],"author":[{"embeddable":true,"href":"https:\/\/www.tucomarca.com\/wordpress\/segunda\/wp-json\/wp\/v2\/users\/1"}],"replies":[{"embeddable":true,"href":"https:\/\/www.tucomarca.com\/wordpress\/segunda\/wp-json\/wp\/v2\/comments?post=112313"}],"version-history":[{"count":0,"href":"https:\/\/www.tucomarca.com\/wordpress\/segunda\/wp-json\/wp\/v2\/posts\/112313\/revisions"}],"wp:featuredmedia":[{"embeddable":true,"href":"https:\/\/www.tucomarca.com\/wordpress\/segunda\/wp-json\/wp\/v2\/media\/112316"}],"wp:attachment":[{"href":"https:\/\/www.tucomarca.com\/wordpress\/segunda\/wp-json\/wp\/v2\/media?parent=112313"}],"wp:term":[{"taxonomy":"category","embeddable":true,"href":"https:\/\/www.tucomarca.com\/wordpress\/segunda\/wp-json\/wp\/v2\/categories?post=112313"},{"taxonomy":"post_tag","embeddable":true,"href":"https:\/\/www.tucomarca.com\/wordpress\/segunda\/wp-json\/wp\/v2\/tags?post=112313"}],"curies":[{"name":"wp","href":"https:\/\/api.w.org\/{rel}","templated":true}]}}