{"id":112458,"date":"2020-08-25T17:55:24","date_gmt":"2020-08-25T15:55:24","guid":{"rendered":"http:\/\/www.tucomarca.com\/wordpress\/segunda\/?p=112458"},"modified":"2020-08-25T17:55:26","modified_gmt":"2020-08-25T15:55:26","slug":"video-recordamos-el-concurso-de-charangas-de-la-feria-y-fiestas-de-bunol-2019","status":"publish","type":"post","link":"https:\/\/www.tucomarca.com\/wordpress\/segunda\/video-recordamos-el-concurso-de-charangas-de-la-feria-y-fiestas-de-bunol-2019\/","title":{"rendered":"V\u00eddeo: recordamos el concurso de charangas de la Feria y Fiestas de Bu\u00f1ol 2019"},"content":{"rendered":"\n<figure class=\"wp-block-embed-youtube wp-block-embed is-type-video is-provider-youtube wp-embed-aspect-16-9 wp-has-aspect-ratio\"><div class=\"wp-block-embed__wrapper\">\n<iframe loading=\"lazy\" title=\"V\u00eddeo: as\u00ed fue el concurso de charangas de la Feria y Fiestas de Bu\u00f1ol 2019\" width=\"500\" height=\"281\" src=\"https:\/\/www.youtube.com\/embed\/aE4m_cTjYuU?feature=oembed\" frameborder=\"0\" allow=\"accelerometer; autoplay; clipboard-write; encrypted-media; gyroscope; picture-in-picture; web-share\" referrerpolicy=\"strict-origin-when-cross-origin\" allowfullscreen><\/iframe>\n<\/div><\/figure>\n\n\n\n<p>Desde <strong>tucomarca.com<\/strong> recordamos c\u00f3mo fue el concurso de charangas \u00abTomaterangas\u00bb realizado durante la Feria y Fiestas 2019 de Bu\u00f1ol en la Plaza de Layana.<\/p>\n","protected":false},"excerpt":{"rendered":"<div class=\"mh-excerpt\">Desde tucomarca.com recordamos c\u00f3mo fue el concurso de charangas \u00abTomaterangas\u00bb realizado durante la Feria y Fiestas 2019 de Bu\u00f1ol en la Plaza de Layana.<\/div>\n","protected":false},"author":1,"featured_media":112459,"comment_status":"open","ping_status":"open","sticky":false,"template":"","format":"video","meta":{"footnotes":""},"categories":[18,66,12201,8,10,5,7,383,3,116,26],"tags":[6940,11937,11938,11951,1669,5952],"class_list":{"0":"post-112458","1":"post","2":"type-post","3":"status-publish","4":"format-video","5":"has-post-thumbnail","7":"category-bunol","8":"category-musica","9":"category-covid-19","10":"category-la-comarca","11":"category-la-hoya","12":"category-la-semana-en-imagenes","13":"category-ocio-y-cultura","14":"category-pueblos-en-fiestas","15":"category-seccion","16":"category-sucesos-la-comarca","17":"category-video","18":"tag-6940","19":"tag-coronavirus","20":"tag-covid-19","21":"tag-covid2019","22":"tag-feria-y-fiestas","23":"tag-la-hoya-de-bunol-chiva","24":"post_format-post-format-video"},"_links":{"self":[{"href":"https:\/\/www.tucomarca.com\/wordpress\/segunda\/wp-json\/wp\/v2\/posts\/112458","targetHints":{"allow":["GET"]}}],"collection":[{"href":"https:\/\/www.tucomarca.com\/wordpress\/segunda\/wp-json\/wp\/v2\/posts"}],"about":[{"href":"https:\/\/www.tucomarca.com\/wordpress\/segunda\/wp-json\/wp\/v2\/types\/post"}],"author":[{"embeddable":true,"href":"https:\/\/www.tucomarca.com\/wordpress\/segunda\/wp-json\/wp\/v2\/users\/1"}],"replies":[{"embeddable":true,"href":"https:\/\/www.tucomarca.com\/wordpress\/segunda\/wp-json\/wp\/v2\/comments?post=112458"}],"version-history":[{"count":0,"href":"https:\/\/www.tucomarca.com\/wordpress\/segunda\/wp-json\/wp\/v2\/posts\/112458\/revisions"}],"wp:featuredmedia":[{"embeddable":true,"href":"https:\/\/www.tucomarca.com\/wordpress\/segunda\/wp-json\/wp\/v2\/media\/112459"}],"wp:attachment":[{"href":"https:\/\/www.tucomarca.com\/wordpress\/segunda\/wp-json\/wp\/v2\/media?parent=112458"}],"wp:term":[{"taxonomy":"category","embeddable":true,"href":"https:\/\/www.tucomarca.com\/wordpress\/segunda\/wp-json\/wp\/v2\/categories?post=112458"},{"taxonomy":"post_tag","embeddable":true,"href":"https:\/\/www.tucomarca.com\/wordpress\/segunda\/wp-json\/wp\/v2\/tags?post=112458"}],"curies":[{"name":"wp","href":"https:\/\/api.w.org\/{rel}","templated":true}]}}