{"id":112465,"date":"2020-08-26T09:00:18","date_gmt":"2020-08-26T07:00:18","guid":{"rendered":"http:\/\/www.tucomarca.com\/wordpress\/segunda\/?p=112465"},"modified":"2020-08-26T11:04:36","modified_gmt":"2020-08-26T09:04:36","slug":"la-comunitat-valenciana-suma-su-peor-registro-tras-el-confinamiento-con-772-nuevos-casos-de-coronavirus","status":"publish","type":"post","link":"https:\/\/www.tucomarca.com\/wordpress\/segunda\/la-comunitat-valenciana-suma-su-peor-registro-tras-el-confinamiento-con-772-nuevos-casos-de-coronavirus\/","title":{"rendered":"La Comunitat Valenciana suma su peor registro tras el confinamiento con 772 nuevos casos de coronavirus"},"content":{"rendered":"\n<p>La Comunitat Valenciana ha registrado desde la \u00faltima actualizaci\u00f3n 772 nuevos contagios de coronavirus confirmados por prueba PCR, la peor cifra desde la entrada en la \u00abnueva normalidad\u00bb y que sit\u00faan la cifra total de positivos en 20.770 personas. Por provincias, la distribuci\u00f3n es la siguiente: 94 en Castell\u00f3n (2.371 en total); 209 en la provincia de Alicante (6.524 en total); y 469 en la provincia de Valencia (11.854 en total). Adem\u00e1s, hay otros 21 casos sin asignar.<\/p>\n\n\n\n<p>Estas cifras reflejan la eficacia del sistema sanitario en la detecci\u00f3n precoz de nuevos contagios y en el rastreo de todos los contactos, pero la alerta sanitaria persiste y no se puede bajar la guardia.<\/p>\n\n\n\n<p>\u00abPido a todo el mundo cautela y sentido com\u00fan. El incremento incesante del n\u00famero de contagios nos indica claramente que toda prudencia es poca. Si todas las personas ponemos de nuestra parte, podremos hacer frente al virus con una fuerza mayor\u00bb, ha dicho la consellera de Sanidad Universal y Salud P\u00fablica, Ana Barcel\u00f3.<\/p>\n\n\n\n<p>La Comunitat Valenciana es la quinta autonom\u00eda donde la tasa de incidencia acumulada en los \u00faltimos 14 d\u00edas es menor, por detr\u00e1s de Andaluc\u00eda, Asturias, Extremadura y Galicia, ya que dicha tasa se sit\u00faa en 89,41 por cada 100.000 habitantes, mientras la tasa de incidencia media acumulada de Espa\u00f1a es de 173,14 por cada 100.000 habitantes.<\/p>\n\n\n\n<p>Por otro lado, se han dado 345 altas a pacientes con coronavirus, por lo que el total de personas curadas desde el inicio de la pandemia se sit\u00faa en 23.299: 3.012 en Castell\u00f3n, 7.467 en Alicante y 12.790 en Valencia. Adem\u00e1s, hay 1 alta no asignada, que eleva a 30 el total de altas no asignadas.&nbsp;<\/p>\n\n\n\n<p>Los hospitales valencianos tienen, actualmente, 331 personas ingresadas: 20 en la provincia de Castell\u00f3n, con 3 pacientes en UCI; 91 en la provincia de Alicante, de ellos 13 en la UCI; y 220 en la provincia de Valencia, 22 de ellos en UCI.<\/p>\n\n\n\n<p>De esta forma, en estos momentos hay activos 4.413 casos, lo que supone un 15,11% del total de positivos.<\/p>\n\n\n\n<p>Por otro lado, se han registrado 4 fallecimientos por coronavirus desde la \u00faltima actualizaci\u00f3n, por lo que el total de defunciones asciende a 1.502 personas: 227 en la provincia de Castell\u00f3n, 519 en la de Alicante y 756 en la de Valencia.<\/p>\n\n\n\n<p>El n\u00famero total de pruebas llevadas a cabo para la detecci\u00f3n del coronavirus asciende a 764.596, de las que 624.550 han sido a trav\u00e9s de PCR y 140.046 mediante test r\u00e1pido.<\/p>\n\n\n\n<p><strong>Actualizaci\u00f3n de la situaci\u00f3n en residencias<\/strong><\/p>\n\n\n\n<p>En estos momentos, el 75 % de las residencias de la Comunitat Valenciana donde se han detectados casos tienen un \u00fanico positivo, de persona residente o de personal trabajador.&nbsp;<\/p>\n\n\n\n<p>Hay alg\u00fan caso positivo en 38 residencias de mayores (3 en la provincia de Castell\u00f3n, 15 en la provincia de Alicante y 20 en la provincia de Valencia), 6 residencias de personas con diversidad funcional (2 en la provincia de Castell\u00f3n, 1 en la provincia de Alicante y 3 en la de Valencia) y 4 centros de menores (1 en la provincias de Castell\u00f3n y 3 en la provincia de Valencia).<\/p>\n\n\n\n<p>&#8211; Residentes nuevos positivos: 9&nbsp;<\/p>\n\n\n\n<p>&#8211; Trabajadores nuevos positivos: 11<\/p>\n\n\n\n<p>&#8211; Residentes fallecidos: 0<\/p>\n\n\n\n<p>Actualmente se encuentran bajo vigilancia activa de control sanitario 4 residencias en la Comunitat Valenciana: 0 en la provincia de Castell\u00f3n, 2 en la provincia de Alicante y 2 en la provincia de Valencia.<\/p>\n\n\n\n<p><strong>Actualizaci\u00f3n brotes de coronavirus<\/strong><\/p>\n\n\n\n<p>Nuevos brotes:<\/p>\n\n\n\n<p>\u00b7 Alfafar: 5 casos. Origen social&nbsp;<\/p>\n\n\n\n<p>\u00b7 Quart de Poblet: 7 casos. Origen social&nbsp;<\/p>\n\n\n\n<p>\u00b7 Elx: 4 casos. Origen social&nbsp;<\/p>\n\n\n\n<p>\u00b7 Elx: 5 casos. Origen social&nbsp;<\/p>\n\n\n\n<p>\u00b7 Moncada: 4 casos. Origen otro \u00e1mbito comunitario<\/p>\n\n\n\n<p>\u00b7 Oliva: 9 casos. Origen social&nbsp;<\/p>\n\n\n\n<p>\u00b7 Ontinyent: 8 casos. Origen ocio<\/p>\n\n\n\n<p>\u00b7 Chera: 5 casos. Origen social&nbsp;<\/p>\n\n\n\n<p>\u00b7 Benet\u00fasser: 3 casos. Origen vacacional<\/p>\n\n\n\n<p>\u00b7 Valencia: 3 casos. Origen social&nbsp;<\/p>\n\n\n\n<p>\u00b7 Valencia: 4 casos. Origen social&nbsp;<\/p>\n\n\n\n<p>\u00b7 Albatera: 3 casos. Origen vacacional<\/p>\n\n\n\n<p>\u00b7 Gandia: 5 casos. Origen social&nbsp;<\/p>\n\n\n\n<p>\u00b7 Torrevieja: 9 casos. Origen ocio local&nbsp;<\/p>\n\n\n\n<p>\u00b7 Valencia: 5 casos. Origen laboral<\/p>\n\n\n\n<p>\u00b7 Pilar de la Horadada: 21 casos. Origen ocio local&nbsp;<\/p>\n\n\n\n<p>\u00b7 Valencia: 3 casos. Origen social&nbsp;<\/p>\n\n\n\n<p>\u00b7 Benidorm: 5 casos. Origen social&nbsp;<\/p>\n\n\n\n<p>\u00b7 Benilloba: 5 casos. Origen social&nbsp;<\/p>\n\n\n\n<p>\u00b7 Valencia: 4 casos. Origen laboral<\/p>\n\n\n\n<p>\u00b7 Valencia: 4 casos. Origen social&nbsp;<\/p>\n\n\n\n<p>\u00b7 Alcoi: 5 casos. Origen social&nbsp;<\/p>\n\n\n\n<p>\u00b7 Manises: 4 casos. Origen laboral<\/p>\n\n\n\n<p>\u00b7 Olocau del Rey: 7 casos. Origen laboral<\/p>\n\n\n\n<p>\u00b7 Mislata: 5 casos. Origen otro \u00e1mbito comunitario<\/p>\n","protected":false},"excerpt":{"rendered":"<div class=\"mh-excerpt\">La Comunitat Valenciana ha registrado desde la \u00faltima actualizaci\u00f3n 772 nuevos contagios de coronavirus confirmados por prueba PCR, la peor cifra desde la entrada en la \u00abnueva normalidad\u00bb y que sit\u00faan la cifra total de <a class=\"mh-excerpt-more\" href=\"https:\/\/www.tucomarca.com\/wordpress\/segunda\/la-comunitat-valenciana-suma-su-peor-registro-tras-el-confinamiento-con-772-nuevos-casos-de-coronavirus\/\" title=\"La Comunitat Valenciana suma su peor registro tras el confinamiento con 772 nuevos casos de coronavirus\">[+] <\/a><\/div>\n","protected":false},"author":1,"featured_media":112467,"comment_status":"open","ping_status":"open","sticky":false,"template":"","format":"standard","meta":{"footnotes":""},"categories":[119,186,12201,128,8,59,117,142,3,116,45],"tags":[10415,11937,11938,11951,10400],"class_list":{"0":"post-112465","1":"post","2":"type-post","3":"status-publish","4":"format-standard","5":"has-post-thumbnail","7":"category-sanidad-la-comarca","8":"category-chera-los-serranos","9":"category-covid-19","10":"category-infraestructuras","11":"category-la-comarca","12":"category-los-serranos","13":"category-medio-ambiente-la-comarca","14":"category-politica-la-comarca","15":"category-seccion","16":"category-sucesos-la-comarca","17":"category-ventana","18":"tag-chera","19":"tag-coronavirus","20":"tag-covid-19","21":"tag-covid2019","22":"tag-los-serranos"},"_links":{"self":[{"href":"https:\/\/www.tucomarca.com\/wordpress\/segunda\/wp-json\/wp\/v2\/posts\/112465","targetHints":{"allow":["GET"]}}],"collection":[{"href":"https:\/\/www.tucomarca.com\/wordpress\/segunda\/wp-json\/wp\/v2\/posts"}],"about":[{"href":"https:\/\/www.tucomarca.com\/wordpress\/segunda\/wp-json\/wp\/v2\/types\/post"}],"author":[{"embeddable":true,"href":"https:\/\/www.tucomarca.com\/wordpress\/segunda\/wp-json\/wp\/v2\/users\/1"}],"replies":[{"embeddable":true,"href":"https:\/\/www.tucomarca.com\/wordpress\/segunda\/wp-json\/wp\/v2\/comments?post=112465"}],"version-history":[{"count":0,"href":"https:\/\/www.tucomarca.com\/wordpress\/segunda\/wp-json\/wp\/v2\/posts\/112465\/revisions"}],"wp:featuredmedia":[{"embeddable":true,"href":"https:\/\/www.tucomarca.com\/wordpress\/segunda\/wp-json\/wp\/v2\/media\/112467"}],"wp:attachment":[{"href":"https:\/\/www.tucomarca.com\/wordpress\/segunda\/wp-json\/wp\/v2\/media?parent=112465"}],"wp:term":[{"taxonomy":"category","embeddable":true,"href":"https:\/\/www.tucomarca.com\/wordpress\/segunda\/wp-json\/wp\/v2\/categories?post=112465"},{"taxonomy":"post_tag","embeddable":true,"href":"https:\/\/www.tucomarca.com\/wordpress\/segunda\/wp-json\/wp\/v2\/tags?post=112465"}],"curies":[{"name":"wp","href":"https:\/\/api.w.org\/{rel}","templated":true}]}}