{"id":112487,"date":"2020-08-27T11:00:30","date_gmt":"2020-08-27T09:00:30","guid":{"rendered":"http:\/\/www.tucomarca.com\/wordpress\/segunda\/?p=112487"},"modified":"2020-08-27T21:46:04","modified_gmt":"2020-08-27T19:46:04","slug":"el-circuit-ricardo-tormo-decidira-el-campeon-de-la-nascar-europea-con-una-doble-cita","status":"publish","type":"post","link":"https:\/\/www.tucomarca.com\/wordpress\/segunda\/el-circuit-ricardo-tormo-decidira-el-campeon-de-la-nascar-europea-con-una-doble-cita\/","title":{"rendered":"El Circuit Ricardo Tormo decidir\u00e1 el campe\u00f3n de la Nascar europea con una doble cita"},"content":{"rendered":"\n<p><strong>Las Nascar Whelen Euro Series celebrar\u00e1n dos eventos consecutivos entre los d\u00edas 3 y 6 de diciembre&nbsp;<br>La Nascar europea reorganiza su calendario con carreras en Italia, Holanda, Rep\u00fablica Checa y Espa\u00f1a<\/strong><\/p>\n\n\n\n<p>El Circuit Ricardo Tormo cerrar\u00e1 las Nascar Whelen Euro Series el pr\u00f3ximo mes de diciembre con una doble cita que decidir\u00e1 el t\u00edtulo de la categor\u00eda. As\u00ed lo ha comunicado la organizaci\u00f3n de la prueba tras la reorganizaci\u00f3n del calendario, afectado por el brote de COVID-19.&nbsp;<\/p>\n\n\n\n<p>Un doble evento sin precedentes con cuatro d\u00edas de competici\u00f3n cerrar\u00e1 la temporada 2020 de las Nascar Whelen Euro Series en el Circuit Ricardo Tormo. Cheste acoger\u00e1 el Gran Premio Nascar de la Comunitat Valenciana el 3 y 4 de diciembre, y las finales EuroNascar el 5 y 6 de diciembre.&nbsp;<\/p>\n\n\n\n<p>Por primera vez en la historia de las series, las \u00faltimas cuatro carreras, dos por cita, se llevar\u00e1n a cabo en cuatro d\u00edas consecutivos. Las restricciones espec\u00edficas para evitar la propagaci\u00f3n de la COVID-19 en la regi\u00f3n de Baden-W\u00fcrttemberg obligaron a aplazar el Hockenheimring American Fan Fest hasta 2021. El popular evento alem\u00e1n ser\u00e1 reemplazado por el Gran Premio Nascar de la Comunitat Valenciana del 3 al 4 de diciembre.&nbsp;<\/p>\n\n\n\n<p>Los d\u00edas 5 y 6 de diciembre, el trazado de Cheste albergar\u00e1 las finales de la Nascar europea, otorgando puntos dobles para cerrar la temporada y decidir los t\u00edtulos y trofeos.&nbsp;<\/p>\n\n\n\n<p>\u00abTodo el mundo tiene que adaptarse continuamente durante estos tiempos dif\u00edciles. La situaci\u00f3n en Hockenheim es desafortunada y podemos trabajar en una prueba de Nascar m\u00e1s grande y mejor en 2021. Pero esto nunca puede detener la creatividad y estamos realmente contentos de organizar esta Semana de Super Speed \u00fanica con nuestros amigos del Circuit Ricardo Tormo. Estos cuatro d\u00edas de competici\u00f3n har\u00e1n historia y estamos deseando empezar la temporada en unas semanas en Vallelunga. Ahora es momento de correr\u00bb, ha indicado el presidente y director ejecutivo del certamen, J\u00e9r\u00f4me Galpin.&nbsp;<\/p>\n\n\n\n<p>\u00abOrganizar dos rondas de la Nascar Whelen Euro Series en el Circuit Ricardo Tormo es una gran noticia y tambi\u00e9n un desaf\u00edo para nosotros. Nuestro equipo est\u00e1 acostumbrado a organizar la carrera final de muchos campeonatos, tanto de automovilismo como de motociclismo, por lo que estaremos listos los d\u00edas 3, 4, 5 y 6 de diciembre para esta hist\u00f3rica semana de Nascar en el trazado de Cheste\u00bb, ha se\u00f1alado Gonzalo Gobert, director general del Circuit Ricardo Tormo.&nbsp;<\/p>\n\n\n\n<p>Tras los cambios, cinco eventos celebrados en cuatro pa\u00edses europeos constituir\u00e1n el calendario revisado de 2020. La temporada EuroNascar comenzar\u00e1 el 12 de septiembre en el Autodromo di Vallelunga en Roma, Italia, seguida de la celebraci\u00f3n el 3 y 4 de octubre del GP de Nascar de B\u00e9lgica en el Circuito de Zolder. Del 14 al 15 de noviembre se reanudar\u00e1 la batalla por el t\u00edtulo en el Autodrom Most de la Rep\u00fablica Checa. Finalmente, la acci\u00f3n se trasladar\u00e1 a Val\u00e8ncia los d\u00edas 3, 4, 5 y 6 de diciembre para el GP de Nascar de la Comunitat Valenciana y las finales EuroNascar.<\/p>\n","protected":false},"excerpt":{"rendered":"<div class=\"mh-excerpt\">Las Nascar Whelen Euro Series celebrar\u00e1n dos eventos consecutivos entre los d\u00edas 3 y 6 de diciembre&nbsp;La Nascar europea reorganiza su calendario con carreras en Italia, Holanda, Rep\u00fablica Checa y Espa\u00f1a El Circuit Ricardo Tormo <a class=\"mh-excerpt-more\" href=\"https:\/\/www.tucomarca.com\/wordpress\/segunda\/el-circuit-ricardo-tormo-decidira-el-campeon-de-la-nascar-europea-con-una-doble-cita\/\" title=\"El Circuit Ricardo Tormo decidir\u00e1 el campe\u00f3n de la Nascar europea con una doble cita\">[+] <\/a><\/div>\n","protected":false},"author":12,"featured_media":112489,"comment_status":"open","ping_status":"open","sticky":false,"template":"","format":"standard","meta":{"footnotes":""},"categories":[83,17,12201,6,128,8,72,10,91,3],"tags":[10474,10477,10716,12499],"class_list":{"0":"post-112487","1":"post","2":"type-post","3":"status-publish","4":"format-standard","5":"has-post-thumbnail","7":"category-automovilismo","8":"category-cheste","9":"category-covid-19","10":"category-deportes","11":"category-infraestructuras","12":"category-la-comarca","13":"category-sin-categorizar","14":"category-la-hoya","15":"category-motociclismo","16":"category-seccion","17":"tag-circuit-ricardo-tormo","18":"tag-circuito-de-cheste","19":"tag-generalitat-valenciana","20":"tag-nascar-whelen-euro-series"},"_links":{"self":[{"href":"https:\/\/www.tucomarca.com\/wordpress\/segunda\/wp-json\/wp\/v2\/posts\/112487","targetHints":{"allow":["GET"]}}],"collection":[{"href":"https:\/\/www.tucomarca.com\/wordpress\/segunda\/wp-json\/wp\/v2\/posts"}],"about":[{"href":"https:\/\/www.tucomarca.com\/wordpress\/segunda\/wp-json\/wp\/v2\/types\/post"}],"author":[{"embeddable":true,"href":"https:\/\/www.tucomarca.com\/wordpress\/segunda\/wp-json\/wp\/v2\/users\/12"}],"replies":[{"embeddable":true,"href":"https:\/\/www.tucomarca.com\/wordpress\/segunda\/wp-json\/wp\/v2\/comments?post=112487"}],"version-history":[{"count":0,"href":"https:\/\/www.tucomarca.com\/wordpress\/segunda\/wp-json\/wp\/v2\/posts\/112487\/revisions"}],"wp:featuredmedia":[{"embeddable":true,"href":"https:\/\/www.tucomarca.com\/wordpress\/segunda\/wp-json\/wp\/v2\/media\/112489"}],"wp:attachment":[{"href":"https:\/\/www.tucomarca.com\/wordpress\/segunda\/wp-json\/wp\/v2\/media?parent=112487"}],"wp:term":[{"taxonomy":"category","embeddable":true,"href":"https:\/\/www.tucomarca.com\/wordpress\/segunda\/wp-json\/wp\/v2\/categories?post=112487"},{"taxonomy":"post_tag","embeddable":true,"href":"https:\/\/www.tucomarca.com\/wordpress\/segunda\/wp-json\/wp\/v2\/tags?post=112487"}],"curies":[{"name":"wp","href":"https:\/\/api.w.org\/{rel}","templated":true}]}}