{"id":112600,"date":"2020-08-28T11:00:03","date_gmt":"2020-08-28T09:00:03","guid":{"rendered":"http:\/\/www.tucomarca.com\/wordpress\/segunda\/?p=112600"},"modified":"2020-08-28T13:16:38","modified_gmt":"2020-08-28T11:16:38","slug":"los-agricultores-de-cheste-volveran-a-colaborar-en-la-desinfeccion-del-casco-urbano","status":"publish","type":"post","link":"https:\/\/www.tucomarca.com\/wordpress\/segunda\/los-agricultores-de-cheste-volveran-a-colaborar-en-la-desinfeccion-del-casco-urbano\/","title":{"rendered":"Los agricultores de Cheste volver\u00e1n a colaborar en la desinfecci\u00f3n del casco urbano"},"content":{"rendered":"\n<p>El pr\u00f3ximo s\u00e1bado, 29 de agosto, los agricultores de Cheste volver\u00e1n a colaborar con el Ayuntamiento para desinfectar las calles de la localidad y continuar\u00e1n con esta tarea durante las pr\u00f3ximas tres semanas, cada martes y s\u00e1bado, en los horarios de menor afluencia de personas y veh\u00edculos; a primera hora de la ma\u00f1ana, a medio d\u00eda o al final de la tarde.&nbsp;<\/p>\n\n\n\n<p>Esta acci\u00f3n se suma al servicio de limpieza habitual con la finalidad de extremar la higiene en la v\u00eda p\u00fablica, como ya se hizo durante los meses de confinamiento, ante los actuales brotes de COVID-19 que se est\u00e1n registrando a nivel local.<\/p>\n\n\n\n<p>El producto que se utiliza para la desinfecci\u00f3n no es t\u00f3xico ni perjudicial para personas ni mascotas, de la misma manera que no da\u00f1a el mobiliario urbano ni los coches, ya que se diluye en agua en la medida marcada por el Ministerio de Sanidad.<\/p>\n\n\n\n<p>El Ayuntamiento agradece la colaboraci\u00f3n de los agricultores e insiste a toda la poblaci\u00f3n en la importancia de respetar las medidas de seguridad e higiene y colaborar para mantener la v\u00eda p\u00fablica limpia.<\/p>\n","protected":false},"excerpt":{"rendered":"<div class=\"mh-excerpt\">El pr\u00f3ximo s\u00e1bado, 29 de agosto, los agricultores de Cheste volver\u00e1n a colaborar con el Ayuntamiento para desinfectar las calles de la localidad y continuar\u00e1n con esta tarea durante las pr\u00f3ximas tres semanas, cada martes <a class=\"mh-excerpt-more\" href=\"https:\/\/www.tucomarca.com\/wordpress\/segunda\/los-agricultores-de-cheste-volveran-a-colaborar-en-la-desinfeccion-del-casco-urbano\/\" title=\"Los agricultores de Cheste volver\u00e1n a colaborar en la desinfecci\u00f3n del casco urbano\">[+] <\/a><\/div>\n","protected":false},"author":12,"featured_media":101855,"comment_status":"open","ping_status":"open","sticky":false,"template":"","format":"standard","meta":{"footnotes":""},"categories":[119,17,12201,128,8,10,3,116],"tags":[5335,11937,11938,5952],"class_list":{"0":"post-112600","1":"post","2":"type-post","3":"status-publish","4":"format-standard","5":"has-post-thumbnail","7":"category-sanidad-la-comarca","8":"category-cheste","9":"category-covid-19","10":"category-infraestructuras","11":"category-la-comarca","12":"category-la-hoya","13":"category-seccion","14":"category-sucesos-la-comarca","15":"tag-ayuntamiento-de-bunol","16":"tag-coronavirus","17":"tag-covid-19","18":"tag-la-hoya-de-bunol-chiva"},"_links":{"self":[{"href":"https:\/\/www.tucomarca.com\/wordpress\/segunda\/wp-json\/wp\/v2\/posts\/112600","targetHints":{"allow":["GET"]}}],"collection":[{"href":"https:\/\/www.tucomarca.com\/wordpress\/segunda\/wp-json\/wp\/v2\/posts"}],"about":[{"href":"https:\/\/www.tucomarca.com\/wordpress\/segunda\/wp-json\/wp\/v2\/types\/post"}],"author":[{"embeddable":true,"href":"https:\/\/www.tucomarca.com\/wordpress\/segunda\/wp-json\/wp\/v2\/users\/12"}],"replies":[{"embeddable":true,"href":"https:\/\/www.tucomarca.com\/wordpress\/segunda\/wp-json\/wp\/v2\/comments?post=112600"}],"version-history":[{"count":0,"href":"https:\/\/www.tucomarca.com\/wordpress\/segunda\/wp-json\/wp\/v2\/posts\/112600\/revisions"}],"wp:featuredmedia":[{"embeddable":true,"href":"https:\/\/www.tucomarca.com\/wordpress\/segunda\/wp-json\/wp\/v2\/media\/101855"}],"wp:attachment":[{"href":"https:\/\/www.tucomarca.com\/wordpress\/segunda\/wp-json\/wp\/v2\/media?parent=112600"}],"wp:term":[{"taxonomy":"category","embeddable":true,"href":"https:\/\/www.tucomarca.com\/wordpress\/segunda\/wp-json\/wp\/v2\/categories?post=112600"},{"taxonomy":"post_tag","embeddable":true,"href":"https:\/\/www.tucomarca.com\/wordpress\/segunda\/wp-json\/wp\/v2\/tags?post=112600"}],"curies":[{"name":"wp","href":"https:\/\/api.w.org\/{rel}","templated":true}]}}