{"id":112613,"date":"2020-08-28T19:14:39","date_gmt":"2020-08-28T17:14:39","guid":{"rendered":"http:\/\/www.tucomarca.com\/wordpress\/segunda\/?p=112613"},"modified":"2020-08-28T19:14:41","modified_gmt":"2020-08-28T17:14:41","slug":"video-asi-fue-el-concurso-de-gazpacho-de-la-feria-y-fiestas-de-bunol-2019","status":"publish","type":"post","link":"https:\/\/www.tucomarca.com\/wordpress\/segunda\/video-asi-fue-el-concurso-de-gazpacho-de-la-feria-y-fiestas-de-bunol-2019\/","title":{"rendered":"V\u00eddeo: as\u00ed fue el concurso de gazpacho de la Feria y Fiestas de Bu\u00f1ol 2019"},"content":{"rendered":"\n<figure class=\"wp-block-embed-youtube wp-block-embed is-type-video is-provider-youtube wp-embed-aspect-16-9 wp-has-aspect-ratio\"><div class=\"wp-block-embed__wrapper\">\n<iframe loading=\"lazy\" title=\"V\u00eddeo: as\u00ed fue el concurso de gazpacho de la Feria y Fiestas de Bu\u00f1ol 2019\" width=\"500\" height=\"281\" src=\"https:\/\/www.youtube.com\/embed\/EyD2TbEp0oM?feature=oembed\" frameborder=\"0\" allow=\"accelerometer; autoplay; clipboard-write; encrypted-media; gyroscope; picture-in-picture; web-share\" referrerpolicy=\"strict-origin-when-cross-origin\" allowfullscreen><\/iframe>\n<\/div><\/figure>\n\n\n\n<p>En <strong>tucomarca televisi\u00f3n<\/strong> revivimos c\u00f3mo se vivi\u00f3 el concurso de gazpacho desarrollado el viernes, 30 de agosto, durante la Feria y Fiestas de Bu\u00f1ol de 2019 que la pandemia de covid19 ha impedido.<\/p>\n","protected":false},"excerpt":{"rendered":"<div class=\"mh-excerpt\">En tucomarca televisi\u00f3n revivimos c\u00f3mo se vivi\u00f3 el concurso de gazpacho desarrollado el viernes, 30 de agosto, durante la Feria y Fiestas de Bu\u00f1ol de 2019 que la pandemia de covid19 ha impedido.<\/div>\n","protected":false},"author":1,"featured_media":112614,"comment_status":"open","ping_status":"open","sticky":false,"template":"","format":"video","meta":{"footnotes":""},"categories":[18,12201,8,10,5,7,383,3,116,26],"tags":[11937,11938,11951,400,5952,12494],"class_list":{"0":"post-112613","1":"post","2":"type-post","3":"status-publish","4":"format-video","5":"has-post-thumbnail","7":"category-bunol","8":"category-covid-19","9":"category-la-comarca","10":"category-la-hoya","11":"category-la-semana-en-imagenes","12":"category-ocio-y-cultura","13":"category-pueblos-en-fiestas","14":"category-seccion","15":"category-sucesos-la-comarca","16":"category-video","17":"tag-coronavirus","18":"tag-covid-19","19":"tag-covid2019","20":"tag-feria-y-fiestas-bunol","21":"tag-la-hoya-de-bunol-chiva","22":"tag-ni-feria-ni-fiestas","23":"post_format-post-format-video"},"_links":{"self":[{"href":"https:\/\/www.tucomarca.com\/wordpress\/segunda\/wp-json\/wp\/v2\/posts\/112613","targetHints":{"allow":["GET"]}}],"collection":[{"href":"https:\/\/www.tucomarca.com\/wordpress\/segunda\/wp-json\/wp\/v2\/posts"}],"about":[{"href":"https:\/\/www.tucomarca.com\/wordpress\/segunda\/wp-json\/wp\/v2\/types\/post"}],"author":[{"embeddable":true,"href":"https:\/\/www.tucomarca.com\/wordpress\/segunda\/wp-json\/wp\/v2\/users\/1"}],"replies":[{"embeddable":true,"href":"https:\/\/www.tucomarca.com\/wordpress\/segunda\/wp-json\/wp\/v2\/comments?post=112613"}],"version-history":[{"count":0,"href":"https:\/\/www.tucomarca.com\/wordpress\/segunda\/wp-json\/wp\/v2\/posts\/112613\/revisions"}],"wp:featuredmedia":[{"embeddable":true,"href":"https:\/\/www.tucomarca.com\/wordpress\/segunda\/wp-json\/wp\/v2\/media\/112614"}],"wp:attachment":[{"href":"https:\/\/www.tucomarca.com\/wordpress\/segunda\/wp-json\/wp\/v2\/media?parent=112613"}],"wp:term":[{"taxonomy":"category","embeddable":true,"href":"https:\/\/www.tucomarca.com\/wordpress\/segunda\/wp-json\/wp\/v2\/categories?post=112613"},{"taxonomy":"post_tag","embeddable":true,"href":"https:\/\/www.tucomarca.com\/wordpress\/segunda\/wp-json\/wp\/v2\/tags?post=112613"}],"curies":[{"name":"wp","href":"https:\/\/api.w.org\/{rel}","templated":true}]}}