{"id":112627,"date":"2020-08-28T12:00:32","date_gmt":"2020-08-28T10:00:32","guid":{"rendered":"http:\/\/www.tucomarca.com\/wordpress\/segunda\/?p=112627"},"modified":"2020-08-28T19:13:43","modified_gmt":"2020-08-28T17:13:43","slug":"el-ayuntamiento-de-alborache-se-reune-con-la-conselleria-de-sanidad-universal-para-hablar-del-futuro-del-centro-de-salud","status":"publish","type":"post","link":"https:\/\/www.tucomarca.com\/wordpress\/segunda\/el-ayuntamiento-de-alborache-se-reune-con-la-conselleria-de-sanidad-universal-para-hablar-del-futuro-del-centro-de-salud\/","title":{"rendered":"El Ayuntamiento de Alborache se re\u00fane con la Conselleria de Sanidad Universal para hablar del futuro del centro de salud"},"content":{"rendered":"\n<p><strong>La Secretaria Auton\u00f3mica de Eficiencia y Tecnolog\u00eda Sanitaria, Concha Andr\u00e9s se ha reunido con representantes del Ayuntamiento y ha visitado el centro auxiliar de salud<\/strong><\/p>\n\n\n\n<p><strong>Mientras se estudian las diferentes f\u00f3rmulas para adecuar el centro de salud a la \u201cnueva normalidad\u201d la alcaldesa ha reclamado refuerzos en la atenci\u00f3n telef\u00f3nica, la atenci\u00f3n domiciliaria y el transporte a los centros de salud en otros municipios<\/strong><\/p>\n\n\n\n<ul class=\"wp-block-gallery columns-2 is-cropped wp-block-gallery-1 is-layout-flex wp-block-gallery-is-layout-flex\"><li class=\"blocks-gallery-item\"><figure><img loading=\"lazy\" decoding=\"async\" width=\"787\" height=\"528\" src=\"https:\/\/www.tucomarca.com\/wordpress\/segunda\/wp-content\/uploads\/2020\/08\/AlboracheSecrAutonSalud02.jpg\" alt=\"\" data-id=\"112632\" data-link=\"https:\/\/www.tucomarca.com\/wordpress\/segunda\/?attachment_id=112632\" class=\"wp-image-112632\" srcset=\"https:\/\/www.tucomarca.com\/wordpress\/segunda\/wp-content\/uploads\/2020\/08\/AlboracheSecrAutonSalud02.jpg 787w, https:\/\/www.tucomarca.com\/wordpress\/segunda\/wp-content\/uploads\/2020\/08\/AlboracheSecrAutonSalud02-300x201.jpg 300w, https:\/\/www.tucomarca.com\/wordpress\/segunda\/wp-content\/uploads\/2020\/08\/AlboracheSecrAutonSalud02-768x515.jpg 768w\" sizes=\"auto, (max-width: 787px) 100vw, 787px\" \/><\/figure><\/li><li class=\"blocks-gallery-item\"><figure><img loading=\"lazy\" decoding=\"async\" width=\"787\" height=\"590\" src=\"https:\/\/www.tucomarca.com\/wordpress\/segunda\/wp-content\/uploads\/2020\/08\/AlboracheSecrAutonSalud03.jpg\" alt=\"\" data-id=\"112634\" data-link=\"https:\/\/www.tucomarca.com\/wordpress\/segunda\/?attachment_id=112634\" class=\"wp-image-112634\" srcset=\"https:\/\/www.tucomarca.com\/wordpress\/segunda\/wp-content\/uploads\/2020\/08\/AlboracheSecrAutonSalud03.jpg 787w, https:\/\/www.tucomarca.com\/wordpress\/segunda\/wp-content\/uploads\/2020\/08\/AlboracheSecrAutonSalud03-300x225.jpg 300w, https:\/\/www.tucomarca.com\/wordpress\/segunda\/wp-content\/uploads\/2020\/08\/AlboracheSecrAutonSalud03-768x576.jpg 768w, https:\/\/www.tucomarca.com\/wordpress\/segunda\/wp-content\/uploads\/2020\/08\/AlboracheSecrAutonSalud03-678x509.jpg 678w, https:\/\/www.tucomarca.com\/wordpress\/segunda\/wp-content\/uploads\/2020\/08\/AlboracheSecrAutonSalud03-326x245.jpg 326w, https:\/\/www.tucomarca.com\/wordpress\/segunda\/wp-content\/uploads\/2020\/08\/AlboracheSecrAutonSalud03-80x60.jpg 80w\" sizes=\"auto, (max-width: 787px) 100vw, 787px\" \/><\/figure><\/li><\/ul>\n\n\n\n<p>La alcaldesa de Alborache, Paqui Collado, y los concejales Pedro Moscard\u00f3 y Jordi Manrique se han reunido con Concha Andr\u00e9s, Secretaria Auton\u00f3mica de Eficiencia y Tecnolog\u00eda Sanitaria de la Conselleria de Sanidad Universal y Salud, para hablar sobre el futuro de la infraestructura del centro de salud auxiliar local.<\/p>\n\n\n\n<p>En esta reuni\u00f3n, los representantes del Ayuntamiento de Alborache han recordado a la Secretaria Auton\u00f3mica la necesidad de recuperar el servicio m\u00e9dico en la localidad, y han debatido sobre diferentes f\u00f3rmulas que podr\u00edan habilitarse en el centro auxiliar de salud en el menor tiempo posible para conseguirlo, cumpliendo con la normativa. Para ello, han visitado el centro y analizado sus caracter\u00edsticas, ya que es necesario reestructurar las consultas de asistencia y crear un doble circuito para cumplir con los requisitos derivados de la pandemia de COVID-19 para garantizar la seguridad tanto del personal sanitario como de los pacientes.<\/p>\n\n\n\n<p>Aunque el centro auxiliar de salud de Alborache pertenece al \u00e1rea 5 del Hospital de Manises, un \u00e1rea privatizada en la que la Conselleria no tiene posibilidad de actuaci\u00f3n total, la alcaldesa de Alborache ha reclamado a la Secretaria Auton\u00f3mica un refuerzo en la atenci\u00f3n telef\u00f3nica, en la atenci\u00f3n domiciliaria y en el transporte a los centros situados en otros municipios, mientras se solucionan las intervenciones en la infraestructura del centro auxiliar de salud.<\/p>\n\n\n\n<p>Durante la reuni\u00f3n tanto la Secretaria Auton\u00f3mica como los representantes del Ayuntamiento de Alborache han destacado la necesidad de mantener las medidas de seguridad, distanciamiento y limpieza necesarias para frenar y prevenir contagios y salvaguardar al personal sanitario y pacientes, y han manifestado el compromiso de ambas instituciones por trabajar para recuperar la actividad completa en el centro auxiliar de salud.<\/p>\n","protected":false},"excerpt":{"rendered":"<div class=\"mh-excerpt\">La Secretaria Auton\u00f3mica de Eficiencia y Tecnolog\u00eda Sanitaria, Concha Andr\u00e9s se ha reunido con representantes del Ayuntamiento y ha visitado el centro auxiliar de salud Mientras se estudian las diferentes f\u00f3rmulas para adecuar el centro <a class=\"mh-excerpt-more\" href=\"https:\/\/www.tucomarca.com\/wordpress\/segunda\/el-ayuntamiento-de-alborache-se-reune-con-la-conselleria-de-sanidad-universal-para-hablar-del-futuro-del-centro-de-salud\/\" title=\"El Ayuntamiento de Alborache se re\u00fane con la Conselleria de Sanidad Universal para hablar del futuro del centro de salud\">[+] <\/a><\/div>\n","protected":false},"author":12,"featured_media":112630,"comment_status":"open","ping_status":"open","sticky":false,"template":"","format":"standard","meta":{"footnotes":""},"categories":[19,119,12201,128,8,10,142,3,116],"tags":[10755,3711,11937,11938,11951,5952],"class_list":{"0":"post-112627","1":"post","2":"type-post","3":"status-publish","4":"format-standard","5":"has-post-thumbnail","7":"category-alborache","8":"category-sanidad-la-comarca","9":"category-covid-19","10":"category-infraestructuras","11":"category-la-comarca","12":"category-la-hoya","13":"category-politica-la-comarca","14":"category-seccion","15":"category-sucesos-la-comarca","16":"tag-ayuntamiento-de-alborache","17":"tag-centro-de-salud","18":"tag-coronavirus","19":"tag-covid-19","20":"tag-covid2019","21":"tag-la-hoya-de-bunol-chiva"},"_links":{"self":[{"href":"https:\/\/www.tucomarca.com\/wordpress\/segunda\/wp-json\/wp\/v2\/posts\/112627","targetHints":{"allow":["GET"]}}],"collection":[{"href":"https:\/\/www.tucomarca.com\/wordpress\/segunda\/wp-json\/wp\/v2\/posts"}],"about":[{"href":"https:\/\/www.tucomarca.com\/wordpress\/segunda\/wp-json\/wp\/v2\/types\/post"}],"author":[{"embeddable":true,"href":"https:\/\/www.tucomarca.com\/wordpress\/segunda\/wp-json\/wp\/v2\/users\/12"}],"replies":[{"embeddable":true,"href":"https:\/\/www.tucomarca.com\/wordpress\/segunda\/wp-json\/wp\/v2\/comments?post=112627"}],"version-history":[{"count":0,"href":"https:\/\/www.tucomarca.com\/wordpress\/segunda\/wp-json\/wp\/v2\/posts\/112627\/revisions"}],"wp:featuredmedia":[{"embeddable":true,"href":"https:\/\/www.tucomarca.com\/wordpress\/segunda\/wp-json\/wp\/v2\/media\/112630"}],"wp:attachment":[{"href":"https:\/\/www.tucomarca.com\/wordpress\/segunda\/wp-json\/wp\/v2\/media?parent=112627"}],"wp:term":[{"taxonomy":"category","embeddable":true,"href":"https:\/\/www.tucomarca.com\/wordpress\/segunda\/wp-json\/wp\/v2\/categories?post=112627"},{"taxonomy":"post_tag","embeddable":true,"href":"https:\/\/www.tucomarca.com\/wordpress\/segunda\/wp-json\/wp\/v2\/tags?post=112627"}],"curies":[{"name":"wp","href":"https:\/\/api.w.org\/{rel}","templated":true}]}}