{"id":112654,"date":"2020-08-29T21:06:03","date_gmt":"2020-08-29T19:06:03","guid":{"rendered":"http:\/\/www.tucomarca.com\/wordpress\/segunda\/?p=112654"},"modified":"2020-08-29T21:06:07","modified_gmt":"2020-08-29T19:06:07","slug":"video-asi-disfrutamos-de-la-cabalgata-del-cim-la-armonica-de-bunol-de-la-feria-y-fiestas-2019","status":"publish","type":"post","link":"https:\/\/www.tucomarca.com\/wordpress\/segunda\/video-asi-disfrutamos-de-la-cabalgata-del-cim-la-armonica-de-bunol-de-la-feria-y-fiestas-2019\/","title":{"rendered":"V\u00eddeo: as\u00ed disfrutamos de la cabalgata del CIM \u00abLa Arm\u00f3nica\u00bb de Bu\u00f1ol de la Feria y Fiestas 2019"},"content":{"rendered":"\n<figure class=\"wp-block-embed-youtube wp-block-embed is-type-video is-provider-youtube wp-embed-aspect-16-9 wp-has-aspect-ratio\"><div class=\"wp-block-embed__wrapper\">\n<iframe loading=\"lazy\" title=\"V\u00eddeo: as\u00ed disfrutamos de la cabalgata del CIM \u00abLa Arm\u00f3nica\u00bb de Bu\u00f1ol de la Feria y Fiestas 2019\" width=\"500\" height=\"281\" src=\"https:\/\/www.youtube.com\/embed\/1vGIdnjoHUg?feature=oembed\" frameborder=\"0\" allow=\"accelerometer; autoplay; clipboard-write; encrypted-media; gyroscope; picture-in-picture; web-share\" referrerpolicy=\"strict-origin-when-cross-origin\" allowfullscreen><\/iframe>\n<\/div><\/figure>\n\n\n\n<p>En <strong>tucomarca televisi\u00f3n<\/strong> hemos querido rememorar c\u00f3mo disfrutamos de la cabalgata del D\u00eda de \u00abEl Litro\u00bb, organizada por el Centro Instructivo Musical \u00abLa Arm\u00f3nica\u00bb dentro de los actos de la Feria y Fiestas 2019 de la localidad que este a\u00f1o la pandemia de covid-19 ha impedido.<\/p>\n","protected":false},"excerpt":{"rendered":"<div class=\"mh-excerpt\">En tucomarca televisi\u00f3n hemos querido rememorar c\u00f3mo disfrutamos de la cabalgata del D\u00eda de \u00abEl Litro\u00bb, organizada por el Centro Instructivo Musical \u00abLa Arm\u00f3nica\u00bb dentro de los actos de la Feria y Fiestas 2019 de <a class=\"mh-excerpt-more\" href=\"https:\/\/www.tucomarca.com\/wordpress\/segunda\/video-asi-disfrutamos-de-la-cabalgata-del-cim-la-armonica-de-bunol-de-la-feria-y-fiestas-2019\/\" title=\"V\u00eddeo: as\u00ed disfrutamos de la cabalgata del CIM \u00abLa Arm\u00f3nica\u00bb de Bu\u00f1ol de la Feria y Fiestas 2019\">[+] <\/a><\/div>\n","protected":false},"author":1,"featured_media":112656,"comment_status":"open","ping_status":"open","sticky":false,"template":"","format":"video","meta":{"footnotes":""},"categories":[18,66,12201,8,10,5,7,383,3,116,45,26],"tags":[10563,11937,11938,11951,10592,5952,10519],"class_list":{"0":"post-112654","1":"post","2":"type-post","3":"status-publish","4":"format-video","5":"has-post-thumbnail","7":"category-bunol","8":"category-musica","9":"category-covid-19","10":"category-la-comarca","11":"category-la-hoya","12":"category-la-semana-en-imagenes","13":"category-ocio-y-cultura","14":"category-pueblos-en-fiestas","15":"category-seccion","16":"category-sucesos-la-comarca","17":"category-ventana","18":"category-video","19":"tag-cim-la-armonica-de-bunol","20":"tag-coronavirus","21":"tag-covid-19","22":"tag-covid2019","23":"tag-el-litro","24":"tag-la-hoya-de-bunol-chiva","25":"tag-reina-feria-y-fiestas-de-bunol","26":"post_format-post-format-video"},"_links":{"self":[{"href":"https:\/\/www.tucomarca.com\/wordpress\/segunda\/wp-json\/wp\/v2\/posts\/112654","targetHints":{"allow":["GET"]}}],"collection":[{"href":"https:\/\/www.tucomarca.com\/wordpress\/segunda\/wp-json\/wp\/v2\/posts"}],"about":[{"href":"https:\/\/www.tucomarca.com\/wordpress\/segunda\/wp-json\/wp\/v2\/types\/post"}],"author":[{"embeddable":true,"href":"https:\/\/www.tucomarca.com\/wordpress\/segunda\/wp-json\/wp\/v2\/users\/1"}],"replies":[{"embeddable":true,"href":"https:\/\/www.tucomarca.com\/wordpress\/segunda\/wp-json\/wp\/v2\/comments?post=112654"}],"version-history":[{"count":0,"href":"https:\/\/www.tucomarca.com\/wordpress\/segunda\/wp-json\/wp\/v2\/posts\/112654\/revisions"}],"wp:featuredmedia":[{"embeddable":true,"href":"https:\/\/www.tucomarca.com\/wordpress\/segunda\/wp-json\/wp\/v2\/media\/112656"}],"wp:attachment":[{"href":"https:\/\/www.tucomarca.com\/wordpress\/segunda\/wp-json\/wp\/v2\/media?parent=112654"}],"wp:term":[{"taxonomy":"category","embeddable":true,"href":"https:\/\/www.tucomarca.com\/wordpress\/segunda\/wp-json\/wp\/v2\/categories?post=112654"},{"taxonomy":"post_tag","embeddable":true,"href":"https:\/\/www.tucomarca.com\/wordpress\/segunda\/wp-json\/wp\/v2\/tags?post=112654"}],"curies":[{"name":"wp","href":"https:\/\/api.w.org\/{rel}","templated":true}]}}