{"id":112737,"date":"2020-08-31T21:10:57","date_gmt":"2020-08-31T19:10:57","guid":{"rendered":"http:\/\/www.tucomarca.com\/wordpress\/segunda\/?p=112737"},"modified":"2020-08-31T21:11:01","modified_gmt":"2020-08-31T19:11:01","slug":"la-comunitat-valenciana-suma-789-nuevos-casos-positivos-desde-la-ultima-actualizacion","status":"publish","type":"post","link":"https:\/\/www.tucomarca.com\/wordpress\/segunda\/la-comunitat-valenciana-suma-789-nuevos-casos-positivos-desde-la-ultima-actualizacion\/","title":{"rendered":"La Comunitat Valenciana suma 789 nuevos casos positivos desde la \u00faltima actualizaci\u00f3n"},"content":{"rendered":"\n<p><strong class=\"\">Por provincias, la distribuci\u00f3n es la siguiente: 20 en Castell\u00f3n, 178 en la provincia de Alicante y 591 en la provincia de Valencia<\/strong><\/p>\n\n\n\n<p><strong class=\"\">El n\u00famero de personas que se han curado desde el inicio de la pandemia asciende a 25.584<\/strong><\/p>\n\n\n\n<p>La Comunitat Valenciana ha registrado desde la \u00faltima actualizaci\u00f3n 789 nuevos contagios de coronavirus confirmados por prueba PCR, que sit\u00faan la cifra total de positivos en 24.126 personas. Por provincias, la distribuci\u00f3n es la siguiente: 20 en Castell\u00f3n (2.658 en total); 178 en la provincia de Alicante (7.448 en total); y 591 en la provincia de Valencia (14.019 en total). Adem\u00e1s, contin\u00faa habiendo 1 caso sin asignar.<\/p>\n\n\n\n<p>Por otro lado, se han dado 955 altas a pacientes con coronavirus, por lo que el total de personas curadas desde el inicio de la pandemia se sit\u00faa en 25.584: 3.165 en Castell\u00f3n, 8.082 en Alicante y 14.281 en Valencia. Adem\u00e1s, hay 56 altas no asignadas.<\/p>\n\n\n\n<p>Los hospitales valencianos tienen, actualmente, 373 personas ingresadas: 36 en la provincia de Castell\u00f3n, con 7 pacientes en UCI; 100 en la provincia de Alicante, 14 de ellos en la UCI; y 237 en la provincia de Valencia, 24 de ellos en UCI.<\/p>\n\n\n\n<p>De esta forma, en estos momentos hay activos 5.616 casos, lo que supone un 17,17% del total de positivos.<\/p>\n\n\n\n<p>Por otro lado, se ha registrado 1 fallecimiento por coronavirus, por lo que el total de defunciones asciende a 1.510 personas: 227 en la provincia de Castell\u00f3n, 519 en la de Alicante y 764 en la de Valencia.<\/p>\n\n\n\n<p>El n\u00famero total de pruebas llevadas a cabo para la detecci\u00f3n del coronavirus asciende a 820.049, de las que 678.316 han sido a trav\u00e9s de PCR y 141.733 mediante test r\u00e1pido.<\/p>\n\n\n\n<p><strong>Actualizaci\u00f3n de la situaci\u00f3n en residencias<\/strong><\/p>\n\n\n\n<p>A d\u00eda de hoy, hay alg\u00fan caso positivo en 36 residencias de mayores (3 en la provincia de Castell\u00f3n, 13 en la provincia de Alicante y 20 en la provincia de Valencia), 5 residencias de personas con diversidad funcional (2 en la provincia de Castell\u00f3n y 3 en la de Valencia) y 3 centros de menores (1 en la provincia de Castell\u00f3n y 2 en la provincia de Valencia).<\/p>\n\n\n\n<ul class=\"wp-block-list\"><li>Residentes nuevos positivos: 3<\/li><li>Trabajadores y trabajadoras nuevos positivos: 5<\/li><li>Residentes fallecidos: 0<\/li><\/ul>\n\n\n\n<p>Actualmente, se encuentran bajo vigilancia activa de control sanitario 5 residencias en la Comunitat Valenciana: 0 en la provincia de Castell\u00f3n, 2 en la provincia de Alicante y 3 en la provincia de Valencia.<\/p>\n\n\n\n<p><strong>Actualizaci\u00f3n brotes de coronavirus<\/strong><\/p>\n\n\n\n<p>Nuevos brotes:<\/p>\n\n\n\n<ul class=\"wp-block-list\"><li>Xilxes: 3 casos. Origen laboral<\/li><li>Orihuela: 6 casos. Origen social<\/li><li>R\u00f2tova: 4 casos. Origen origen social y familiar<\/li><li>Ibi: 5 casos. Origen social<\/li><li>Ibi: 5 casos. Origen origen social y familiar<\/li><li>Val\u00e8ncia: 8 casos. Origen social<\/li><li>Val\u00e8ncia: 3 casos. Origen social<\/li><li>Val\u00e8ncia: 3 casos. Origen social<\/li><li>Gandia: 4 casos. Origen laboral<\/li><li>Val\u00e8ncia: 3 casos. Origen social<\/li><li>Val\u00e8ncia: 4 casos. Origen social<\/li><li>Xirivella: 4 casos. Origen social<\/li><li>Godella: 3 casos. Origen social<\/li><li>Villar del Arzobispo: 3 casos. Origen social<\/li><li>Burjassot: 3 casos. Origen social<\/li><li>Val\u00e8ncia: 3 casos. Origen social<\/li><li>Elda: 3 casos. Origen laboral<\/li><li>El Pin\u00f3s: 4 casos. Origen laboral<\/li><li>Val\u00e8ncia: 3 casos. Origen social<\/li><li>Val\u00e8ncia: 3 casos. Origen laboral<\/li><li>Gandia: 3 casos. Origen social<\/li><li>Val\u00e8ncia: 3 casos. Origen social<\/li><\/ul>\n\n\n\n<p><\/p>\n","protected":false},"excerpt":{"rendered":"<div class=\"mh-excerpt\">Por provincias, la distribuci\u00f3n es la siguiente: 20 en Castell\u00f3n, 178 en la provincia de Alicante y 591 en la provincia de Valencia El n\u00famero de personas que se han curado desde el inicio de <a class=\"mh-excerpt-more\" href=\"https:\/\/www.tucomarca.com\/wordpress\/segunda\/la-comunitat-valenciana-suma-789-nuevos-casos-positivos-desde-la-ultima-actualizacion\/\" title=\"La Comunitat Valenciana suma 789 nuevos casos positivos desde la \u00faltima actualizaci\u00f3n\">[+] <\/a><\/div>\n","protected":false},"author":12,"featured_media":110010,"comment_status":"open","ping_status":"open","sticky":false,"template":"","format":"standard","meta":{"footnotes":""},"categories":[119,12201,128,8,72,117,142,3,116,45],"tags":[10635,11937,11938,11951],"class_list":{"0":"post-112737","1":"post","2":"type-post","3":"status-publish","4":"format-standard","5":"has-post-thumbnail","7":"category-sanidad-la-comarca","8":"category-covid-19","9":"category-infraestructuras","10":"category-la-comarca","11":"category-sin-categorizar","12":"category-medio-ambiente-la-comarca","13":"category-politica-la-comarca","14":"category-seccion","15":"category-sucesos-la-comarca","16":"category-ventana","17":"tag-conselleria-de-sanitat","18":"tag-coronavirus","19":"tag-covid-19","20":"tag-covid2019"},"_links":{"self":[{"href":"https:\/\/www.tucomarca.com\/wordpress\/segunda\/wp-json\/wp\/v2\/posts\/112737","targetHints":{"allow":["GET"]}}],"collection":[{"href":"https:\/\/www.tucomarca.com\/wordpress\/segunda\/wp-json\/wp\/v2\/posts"}],"about":[{"href":"https:\/\/www.tucomarca.com\/wordpress\/segunda\/wp-json\/wp\/v2\/types\/post"}],"author":[{"embeddable":true,"href":"https:\/\/www.tucomarca.com\/wordpress\/segunda\/wp-json\/wp\/v2\/users\/12"}],"replies":[{"embeddable":true,"href":"https:\/\/www.tucomarca.com\/wordpress\/segunda\/wp-json\/wp\/v2\/comments?post=112737"}],"version-history":[{"count":0,"href":"https:\/\/www.tucomarca.com\/wordpress\/segunda\/wp-json\/wp\/v2\/posts\/112737\/revisions"}],"wp:featuredmedia":[{"embeddable":true,"href":"https:\/\/www.tucomarca.com\/wordpress\/segunda\/wp-json\/wp\/v2\/media\/110010"}],"wp:attachment":[{"href":"https:\/\/www.tucomarca.com\/wordpress\/segunda\/wp-json\/wp\/v2\/media?parent=112737"}],"wp:term":[{"taxonomy":"category","embeddable":true,"href":"https:\/\/www.tucomarca.com\/wordpress\/segunda\/wp-json\/wp\/v2\/categories?post=112737"},{"taxonomy":"post_tag","embeddable":true,"href":"https:\/\/www.tucomarca.com\/wordpress\/segunda\/wp-json\/wp\/v2\/tags?post=112737"}],"curies":[{"name":"wp","href":"https:\/\/api.w.org\/{rel}","templated":true}]}}