{"id":112743,"date":"2020-08-31T20:57:42","date_gmt":"2020-08-31T18:57:42","guid":{"rendered":"http:\/\/www.tucomarca.com\/wordpress\/segunda\/?p=112743"},"modified":"2020-08-31T21:19:21","modified_gmt":"2020-08-31T19:19:21","slug":"video-recordamos-el-traslado-de-san-luis-bertran-que-puso-fin-a-la-feria-y-fiestas-de-bunol-2019","status":"publish","type":"post","link":"https:\/\/www.tucomarca.com\/wordpress\/segunda\/video-recordamos-el-traslado-de-san-luis-bertran-que-puso-fin-a-la-feria-y-fiestas-de-bunol-2019\/","title":{"rendered":"V\u00eddeo: recordamos el traslado de San Luis Bertr\u00e1n que puso fin a la Feria y Fiestas de Bu\u00f1ol 2019"},"content":{"rendered":"\n<figure class=\"wp-block-embed-youtube wp-block-embed is-type-video is-provider-youtube wp-embed-aspect-16-9 wp-has-aspect-ratio\"><div class=\"wp-block-embed__wrapper\">\n<iframe loading=\"lazy\" title=\"V\u00eddeo: recordamos el traslado de San Luis Bertr\u00e1n que puso fin a la Feria y Fiestas de Bu\u00f1ol 2019\" width=\"500\" height=\"281\" src=\"https:\/\/www.youtube.com\/embed\/5w7Q5XQckF0?feature=oembed\" frameborder=\"0\" allow=\"accelerometer; autoplay; clipboard-write; encrypted-media; gyroscope; picture-in-picture; web-share\" referrerpolicy=\"strict-origin-when-cross-origin\" allowfullscreen><\/iframe>\n<\/div><\/figure>\n\n\n\n<p>En <strong>tucomarca televisi\u00f3n<\/strong> hemos querido recordar el traslado del patr\u00f3n de Bu\u00f1ol, San Luis Bertr\u00e1n, desde la iglesia de San Pedro hasta su ermita que tradicionalmente pone fin a la Feria y Fiesta de la localidad. Ya que este a\u00f1o 2020 deberemos contentarnos recordando el traslado del a\u00f1o pasado dado que la pandemia de coronavirus ha impedido el desarrollo normal de toda la Feria y Fiestas de Bu\u00f1ol 2020 que estelares deber\u00edan haber acabado.<\/p>\n","protected":false},"excerpt":{"rendered":"<div class=\"mh-excerpt\">En tucomarca televisi\u00f3n hemos querido recordar el traslado del patr\u00f3n de Bu\u00f1ol, San Luis Bertr\u00e1n, desde la iglesia de San Pedro hasta su ermita que tradicionalmente pone fin a la Feria y Fiesta de la <a class=\"mh-excerpt-more\" href=\"https:\/\/www.tucomarca.com\/wordpress\/segunda\/video-recordamos-el-traslado-de-san-luis-bertran-que-puso-fin-a-la-feria-y-fiestas-de-bunol-2019\/\" title=\"V\u00eddeo: recordamos el traslado de San Luis Bertr\u00e1n que puso fin a la Feria y Fiestas de Bu\u00f1ol 2019\">[+] <\/a><\/div>\n","protected":false},"author":1,"featured_media":112744,"comment_status":"open","ping_status":"open","sticky":false,"template":"","format":"video","meta":{"footnotes":""},"categories":[18,66,12201,8,10,5,7,383,3,116,45,26],"tags":[11937,11938,11951,400,5952,12485],"class_list":{"0":"post-112743","1":"post","2":"type-post","3":"status-publish","4":"format-video","5":"has-post-thumbnail","7":"category-bunol","8":"category-musica","9":"category-covid-19","10":"category-la-comarca","11":"category-la-hoya","12":"category-la-semana-en-imagenes","13":"category-ocio-y-cultura","14":"category-pueblos-en-fiestas","15":"category-seccion","16":"category-sucesos-la-comarca","17":"category-ventana","18":"category-video","19":"tag-coronavirus","20":"tag-covid-19","21":"tag-covid2019","22":"tag-feria-y-fiestas-bunol","23":"tag-la-hoya-de-bunol-chiva","24":"tag-ni-ferias-ni-fiestas-2020","25":"post_format-post-format-video"},"_links":{"self":[{"href":"https:\/\/www.tucomarca.com\/wordpress\/segunda\/wp-json\/wp\/v2\/posts\/112743","targetHints":{"allow":["GET"]}}],"collection":[{"href":"https:\/\/www.tucomarca.com\/wordpress\/segunda\/wp-json\/wp\/v2\/posts"}],"about":[{"href":"https:\/\/www.tucomarca.com\/wordpress\/segunda\/wp-json\/wp\/v2\/types\/post"}],"author":[{"embeddable":true,"href":"https:\/\/www.tucomarca.com\/wordpress\/segunda\/wp-json\/wp\/v2\/users\/1"}],"replies":[{"embeddable":true,"href":"https:\/\/www.tucomarca.com\/wordpress\/segunda\/wp-json\/wp\/v2\/comments?post=112743"}],"version-history":[{"count":0,"href":"https:\/\/www.tucomarca.com\/wordpress\/segunda\/wp-json\/wp\/v2\/posts\/112743\/revisions"}],"wp:featuredmedia":[{"embeddable":true,"href":"https:\/\/www.tucomarca.com\/wordpress\/segunda\/wp-json\/wp\/v2\/media\/112744"}],"wp:attachment":[{"href":"https:\/\/www.tucomarca.com\/wordpress\/segunda\/wp-json\/wp\/v2\/media?parent=112743"}],"wp:term":[{"taxonomy":"category","embeddable":true,"href":"https:\/\/www.tucomarca.com\/wordpress\/segunda\/wp-json\/wp\/v2\/categories?post=112743"},{"taxonomy":"post_tag","embeddable":true,"href":"https:\/\/www.tucomarca.com\/wordpress\/segunda\/wp-json\/wp\/v2\/tags?post=112743"}],"curies":[{"name":"wp","href":"https:\/\/api.w.org\/{rel}","templated":true}]}}