{"id":113017,"date":"2020-09-04T15:00:40","date_gmt":"2020-09-04T13:00:40","guid":{"rendered":"http:\/\/www.tucomarca.com\/wordpress\/segunda\/?p=113017"},"modified":"2020-09-04T21:04:22","modified_gmt":"2020-09-04T19:04:22","slug":"todo-a-punto-en-cheste-para-el-curso-escolar","status":"publish","type":"post","link":"https:\/\/www.tucomarca.com\/wordpress\/segunda\/todo-a-punto-en-cheste-para-el-curso-escolar\/","title":{"rendered":"Todo a punto en Cheste para el curso escolar"},"content":{"rendered":"\n<p><strong>Las concejal\u00edas de Educaci\u00f3n, Servicios y Parques y Jardines se han coordinado para dar respuesta a las necesidades de los centros educativos p\u00fablicos de Cheste y a los requerimientos de los planes de contingencia antes del inicio de curso<\/strong><\/p>\n\n\n\n<p>Durante la \u00faltima quincena de agosto, desde las concejal\u00edas de Educaci\u00f3n, Servicios y Parques y Jardines, se han realizado tareas de adecuaci\u00f3n y reparaci\u00f3n de los centros de educaci\u00f3n Infantil y Primaria p\u00fablicos de la localidad, con la finalidad de llevar a cabo la puesta a punto necesaria para comenzar el curso en las mejores condiciones.<\/p>\n\n\n\n<p>La brigada ha trabajado intensamente para limpiar exhaustivamente todas las instalaciones, desinfectar zonas comunes y arreglar desperfectos. Adem\u00e1s, los operativos han desarrollado tareas de fontaner\u00eda, pintura y alba\u00f1iler\u00eda y han instalado se\u00f1al\u00e9ticas para cumplir con los planes de contingencia de cada centro. Por otra parte, se han podado los \u00e1rboles de los colegios, realizando en algunos casos poda en altura, y se han limpiado las zonas ajardinadas.<\/p>\n\n\n\n<p>\u201cHemos mantenido una coordinaci\u00f3n permanente para garantizar la puesta a punto de los centros educativos antes de que se iniciara el curso para garantizar las medidas higi\u00e9nico-sanitarias que se requer\u00edan\u201d, han coincidido en destacar M\u00aa \u00c1ngeles Llorente, Jos\u00e9 Vicente Guijarro y David Pujals, concejales responsables de las \u00e1reas de Educaci\u00f3n, Servicios y Parques y Jardines, respectivamente.<\/p>\n\n\n\n<p><strong>Reparaciones&nbsp;<\/strong><\/p>\n\n\n\n<p>Entre otras actuaciones, en el CEIP Ana Lluch se ha tirado un tabique, se han arreglado las baldosas y se han reparado los patios; en el CEIP Vicente Blasco Ib\u00e1\u00f1ez se ha acondicionado la zona del huerto para disponer de una zona de sombra en los momentos de entradas y salidas del centro y en el CEIP Francisco Giner de los R\u00edos se han reparado azulejos y persianas y se han reinstalado los calefactores que se hab\u00edan soltado de la pared.<br>Adem\u00e1s de la limpieza y desinfecci\u00f3n general, en todos los centros se han revisado las persianas y se han arreglado las que estaban rotas; se ha procedido igual con percheros, radiadores y azulejos sueltos. Del mismo modo, se ha intervenido en los aseos que ten\u00edan grifos en mal estado o p\u00e9rdidas de agua en v\u00e1teres o lavabos.<\/p>\n\n\n\n<p><strong>Servicio de limpieza<\/strong><\/p>\n\n\n\n<p>A trav\u00e9s del Plan Reactiva Cheste de medidas para afrontar los efectos de la pandemia COVID-19 en la poblaci\u00f3n, el Ayuntamiento ha contratado a tres limpiadoras que trabajar\u00e1n en cada centro p\u00fablico durante la jornada lectiva, de manera que se refuerza el servicio de limpieza habitual de los centros educativos, que hasta el momento ejecutaba su trabajo cuando las aulas estaban libres de alumnado.<\/p>\n\n\n\n<ul class=\"wp-block-gallery columns-2 is-cropped wp-block-gallery-1 is-layout-flex wp-block-gallery-is-layout-flex\"><li class=\"blocks-gallery-item\"><figure><img loading=\"lazy\" decoding=\"async\" width=\"787\" height=\"591\" src=\"https:\/\/www.tucomarca.com\/wordpress\/segunda\/wp-content\/uploads\/2020\/09\/01colesCheste.jpg\" alt=\"\" data-id=\"113019\" data-link=\"https:\/\/www.tucomarca.com\/wordpress\/segunda\/?attachment_id=113019\" class=\"wp-image-113019\" srcset=\"https:\/\/www.tucomarca.com\/wordpress\/segunda\/wp-content\/uploads\/2020\/09\/01colesCheste.jpg 787w, https:\/\/www.tucomarca.com\/wordpress\/segunda\/wp-content\/uploads\/2020\/09\/01colesCheste-300x225.jpg 300w, https:\/\/www.tucomarca.com\/wordpress\/segunda\/wp-content\/uploads\/2020\/09\/01colesCheste-768x577.jpg 768w, https:\/\/www.tucomarca.com\/wordpress\/segunda\/wp-content\/uploads\/2020\/09\/01colesCheste-678x509.jpg 678w, https:\/\/www.tucomarca.com\/wordpress\/segunda\/wp-content\/uploads\/2020\/09\/01colesCheste-326x245.jpg 326w, https:\/\/www.tucomarca.com\/wordpress\/segunda\/wp-content\/uploads\/2020\/09\/01colesCheste-80x60.jpg 80w\" sizes=\"auto, (max-width: 787px) 100vw, 787px\" \/><\/figure><\/li><li class=\"blocks-gallery-item\"><figure><img loading=\"lazy\" decoding=\"async\" width=\"787\" height=\"444\" src=\"https:\/\/www.tucomarca.com\/wordpress\/segunda\/wp-content\/uploads\/2020\/09\/03colesCheste.jpg\" alt=\"\" data-id=\"113023\" data-link=\"https:\/\/www.tucomarca.com\/wordpress\/segunda\/?attachment_id=113023\" class=\"wp-image-113023\" srcset=\"https:\/\/www.tucomarca.com\/wordpress\/segunda\/wp-content\/uploads\/2020\/09\/03colesCheste.jpg 787w, https:\/\/www.tucomarca.com\/wordpress\/segunda\/wp-content\/uploads\/2020\/09\/03colesCheste-300x169.jpg 300w, https:\/\/www.tucomarca.com\/wordpress\/segunda\/wp-content\/uploads\/2020\/09\/03colesCheste-768x433.jpg 768w\" sizes=\"auto, (max-width: 787px) 100vw, 787px\" \/><\/figure><\/li><li class=\"blocks-gallery-item\"><figure><img loading=\"lazy\" decoding=\"async\" width=\"787\" height=\"591\" src=\"https:\/\/www.tucomarca.com\/wordpress\/segunda\/wp-content\/uploads\/2020\/09\/04colesCheste.jpg\" alt=\"\" data-id=\"113025\" data-link=\"https:\/\/www.tucomarca.com\/wordpress\/segunda\/?attachment_id=113025\" class=\"wp-image-113025\" srcset=\"https:\/\/www.tucomarca.com\/wordpress\/segunda\/wp-content\/uploads\/2020\/09\/04colesCheste.jpg 787w, https:\/\/www.tucomarca.com\/wordpress\/segunda\/wp-content\/uploads\/2020\/09\/04colesCheste-300x225.jpg 300w, https:\/\/www.tucomarca.com\/wordpress\/segunda\/wp-content\/uploads\/2020\/09\/04colesCheste-768x577.jpg 768w, https:\/\/www.tucomarca.com\/wordpress\/segunda\/wp-content\/uploads\/2020\/09\/04colesCheste-678x509.jpg 678w, https:\/\/www.tucomarca.com\/wordpress\/segunda\/wp-content\/uploads\/2020\/09\/04colesCheste-326x245.jpg 326w, https:\/\/www.tucomarca.com\/wordpress\/segunda\/wp-content\/uploads\/2020\/09\/04colesCheste-80x60.jpg 80w\" sizes=\"auto, (max-width: 787px) 100vw, 787px\" \/><\/figure><\/li><li class=\"blocks-gallery-item\"><figure><img loading=\"lazy\" decoding=\"async\" width=\"787\" height=\"363\" src=\"https:\/\/www.tucomarca.com\/wordpress\/segunda\/wp-content\/uploads\/2020\/09\/02colesCheste.jpg\" alt=\"\" data-id=\"113021\" data-link=\"https:\/\/www.tucomarca.com\/wordpress\/segunda\/?attachment_id=113021\" class=\"wp-image-113021\" srcset=\"https:\/\/www.tucomarca.com\/wordpress\/segunda\/wp-content\/uploads\/2020\/09\/02colesCheste.jpg 787w, https:\/\/www.tucomarca.com\/wordpress\/segunda\/wp-content\/uploads\/2020\/09\/02colesCheste-300x138.jpg 300w, https:\/\/www.tucomarca.com\/wordpress\/segunda\/wp-content\/uploads\/2020\/09\/02colesCheste-768x354.jpg 768w\" sizes=\"auto, (max-width: 787px) 100vw, 787px\" \/><\/figure><\/li><\/ul>\n","protected":false},"excerpt":{"rendered":"<div class=\"mh-excerpt\">Las concejal\u00edas de Educaci\u00f3n, Servicios y Parques y Jardines se han coordinado para dar respuesta a las necesidades de los centros educativos p\u00fablicos de Cheste y a los requerimientos de los planes de contingencia antes <a class=\"mh-excerpt-more\" href=\"https:\/\/www.tucomarca.com\/wordpress\/segunda\/todo-a-punto-en-cheste-para-el-curso-escolar\/\" title=\"Todo a punto en Cheste para el curso escolar\">[+] <\/a><\/div>\n","protected":false},"author":12,"featured_media":113021,"comment_status":"open","ping_status":"open","sticky":false,"template":"","format":"standard","meta":{"footnotes":""},"categories":[119,17,12201,128,8,10,142,3,116],"tags":[10470,11937,11938,5952,12517],"class_list":{"0":"post-113017","1":"post","2":"type-post","3":"status-publish","4":"format-standard","5":"has-post-thumbnail","7":"category-sanidad-la-comarca","8":"category-cheste","9":"category-covid-19","10":"category-infraestructuras","11":"category-la-comarca","12":"category-la-hoya","13":"category-politica-la-comarca","14":"category-seccion","15":"category-sucesos-la-comarca","16":"tag-ayuntamiento-de-cheste","17":"tag-coronavirus","18":"tag-covid-19","19":"tag-la-hoya-de-bunol-chiva","20":"tag-vuelta-al-cole"},"_links":{"self":[{"href":"https:\/\/www.tucomarca.com\/wordpress\/segunda\/wp-json\/wp\/v2\/posts\/113017","targetHints":{"allow":["GET"]}}],"collection":[{"href":"https:\/\/www.tucomarca.com\/wordpress\/segunda\/wp-json\/wp\/v2\/posts"}],"about":[{"href":"https:\/\/www.tucomarca.com\/wordpress\/segunda\/wp-json\/wp\/v2\/types\/post"}],"author":[{"embeddable":true,"href":"https:\/\/www.tucomarca.com\/wordpress\/segunda\/wp-json\/wp\/v2\/users\/12"}],"replies":[{"embeddable":true,"href":"https:\/\/www.tucomarca.com\/wordpress\/segunda\/wp-json\/wp\/v2\/comments?post=113017"}],"version-history":[{"count":0,"href":"https:\/\/www.tucomarca.com\/wordpress\/segunda\/wp-json\/wp\/v2\/posts\/113017\/revisions"}],"wp:featuredmedia":[{"embeddable":true,"href":"https:\/\/www.tucomarca.com\/wordpress\/segunda\/wp-json\/wp\/v2\/media\/113021"}],"wp:attachment":[{"href":"https:\/\/www.tucomarca.com\/wordpress\/segunda\/wp-json\/wp\/v2\/media?parent=113017"}],"wp:term":[{"taxonomy":"category","embeddable":true,"href":"https:\/\/www.tucomarca.com\/wordpress\/segunda\/wp-json\/wp\/v2\/categories?post=113017"},{"taxonomy":"post_tag","embeddable":true,"href":"https:\/\/www.tucomarca.com\/wordpress\/segunda\/wp-json\/wp\/v2\/tags?post=113017"}],"curies":[{"name":"wp","href":"https:\/\/api.w.org\/{rel}","templated":true}]}}