{"id":113035,"date":"2020-09-04T19:00:17","date_gmt":"2020-09-04T17:00:17","guid":{"rendered":"http:\/\/www.tucomarca.com\/wordpress\/segunda\/?p=113035"},"modified":"2020-09-04T19:39:18","modified_gmt":"2020-09-04T17:39:18","slug":"bunol-suma-11-nuevos-casos-de-origen-laboral-a-los-714-nuevos-positivos-en-coronavirus-registrados-en-el-ultimo-balance-de-la-comunitat","status":"publish","type":"post","link":"https:\/\/www.tucomarca.com\/wordpress\/segunda\/bunol-suma-11-nuevos-casos-de-origen-laboral-a-los-714-nuevos-positivos-en-coronavirus-registrados-en-el-ultimo-balance-de-la-comunitat\/","title":{"rendered":"Bu\u00f1ol suma 11 nuevos casos de origen laboral a los 714 nuevos positivos en coronavirus registrados en el \u00faltimo balance de la Comunitat"},"content":{"rendered":"\n<p>La Comunitat Valenciana ha registrado desde la \u00faltima actualizaci\u00f3n 714 nuevos contagios de coronavirus confirmados por prueba PCR, que sit\u00faan la cifra total de positivos en 26.746 personas; once de ellos en un contagio de origen laboral registrado en Bu\u00f1ol.<\/p>\n\n\n\n<p>Por provincias, la distribuci\u00f3n es la siguiente: 54 en Castell\u00f3n (2.875 en total); 247 en la provincia de Alicante (8.334 en total); y 413 en la provincia de Valencia (15.531 en total). Adem\u00e1s, hay 6 casos sin asignar.<\/p>\n\n\n\n<p>Por otro lado, se han dado 786 altas a pacientes con coronavirus, por lo que el total de personas curadas desde el inicio de la pandemia se sit\u00faa en 28.118: 3.416 en Castell\u00f3n, 8.755 en Alicante y 15.878 en Valencia. Adem\u00e1s, hay 69 altas no asignadas.&nbsp;<\/p>\n\n\n\n<p>Los hospitales valencianos tienen, actualmente, 413 personas ingresadas: 48 en la provincia de Castell\u00f3n, con 4 pacientes en UCI; 132 en la provincia de Alicante, 25 de ellos en la UCI; y 233 en la provincia de Valencia, 30 de ellos en UCI.<\/p>\n\n\n\n<p>De esta forma, en estos momentos hay activos 5.838 casos, lo que supone un 16,45% del total de positivos.<\/p>\n\n\n\n<p>Por otro lado, se han registrado 8 fallecimientos por coronavirus, por lo que el total de defunciones asciende a 1.529 personas: 229 en la provincia de Castell\u00f3n, 528 en la de Alicante y 772 en la de Valencia.<\/p>\n\n\n\n<p>El n\u00famero total de pruebas llevadas a cabo para la detecci\u00f3n del coronavirus asciende a 864.876, de las que 721.675 han sido a trav\u00e9s de PCR y 143.201 mediante test r\u00e1pido.&nbsp;<\/p>\n\n\n\n<p><strong>Actualizaci\u00f3n de la situaci\u00f3n en residencias<\/strong><\/p>\n\n\n\n<p>A d\u00eda de hoy, hay alg\u00fan caso positivo en 40 residencias de mayores (3 en la provincia de Castell\u00f3n, 17 en la provincia de Alicante y 20 en la provincia de Valencia), 6 centros de personas con diversidad funcional (2 en la provincia de Castell\u00f3n, 1 en la de Alicante y 3 en la de Valencia) y 2 centros de menores (1 en la provincia de Castell\u00f3n y 1 en la provincia de Valencia).<\/p>\n\n\n\n<p>&#8211; Residentes nuevos positivos: 6&nbsp;<\/p>\n\n\n\n<p>&#8211; Trabajadores y trabajadoras nuevos positivos: 5<\/p>\n\n\n\n<p>&#8211; Residentes que han fallecido: 0<\/p>\n\n\n\n<p>Actualmente, se encuentran bajo vigilancia activa de control sanitario 6 residencias en la Comunitat Valenciana: 0 en la provincia de Castell\u00f3n, 2 en la provincia de Alicante y 4 en la provincia de Valencia.<\/p>\n\n\n\n<p><strong>Actualizaci\u00f3n brotes de coronavirus<\/strong><\/p>\n\n\n\n<p>Nuevos brotes:<\/p>\n\n\n\n<p>\u00b7 Bu\u00f1ol: 11 casos. Origen laboral<\/p>\n\n\n\n<p>\u00b7 Ondara: 4 casos. Origen laboral<\/p>\n\n\n\n<p>\u00b7 Castell\u00f3 de la Plana: 4 casos. Origen social&nbsp;<\/p>\n\n\n\n<p>\u00b7 Val\u00e8ncia: 7 casos. Origen social&nbsp;<\/p>\n\n\n\n<p>\u00b7 Callosa de Segura: 4 casos. Origen social&nbsp;<\/p>\n\n\n\n<p>\u00b7 D\u00e9nia: 6 casos. Origen laboral<\/p>\n\n\n\n<p>\u00b7 Val\u00e8ncia: 5 casos. Origen social&nbsp;<\/p>\n\n\n\n<p>\u00b7 Val\u00e8ncia: 3 casos. Origen social&nbsp;<\/p>\n\n\n\n<p>\u00b7 Canet d&#8217;En Berenguer: 5 casos. Origen social&nbsp;<\/p>\n\n\n\n<p>\u00b7 Torrevieja: 3 casos. Origen laboral<\/p>\n\n\n\n<p>\u00b7 Val\u00e8ncia: 3 casos. Origen social&nbsp;<\/p>\n\n\n\n<p>\u00b7 Val\u00e8ncia: 3 casos. Origen social&nbsp;<\/p>\n\n\n\n<p>\u00b7 Val\u00e8ncia: 7 casos. Origen social&nbsp;<\/p>\n\n\n\n<p>\u00b7 Vinalesa: 3 casos. Origen social&nbsp;<\/p>\n\n\n\n<p>\u00b7 Vinalesa: 3 casos. Origen social&nbsp;<\/p>\n\n\n\n<p>\u00b7 Dolores: 3 casos. Origen social&nbsp;<\/p>\n\n\n\n<p>\u00b7 Val\u00e8ncia: 4 casos. Origen social&nbsp;<\/p>\n\n\n\n<p>\u00b7 Ontinyent: 5 casos. Origen social&nbsp;<\/p>\n\n\n\n<p>\u00b7 Burriana: 3 casos. Origen social&nbsp;<\/p>\n\n\n\n<p>\u00b7 Val\u00e8ncia: 5 casos. Origen social&nbsp;<\/p>\n\n\n\n<p>\u00b7 Val\u00e8ncia: 4 casos. Origen social&nbsp;<\/p>\n\n\n\n<p>\u00b7 Val\u00e8ncia: 4 casos. Origen social&nbsp;<\/p>\n\n\n\n<p>\u00b7 Val\u00e8ncia: 4 casos. Origen social&nbsp;<\/p>\n\n\n\n<p>\u00b7 Castell\u00f3 de la Plana: 3 casos. Origen social&nbsp;<\/p>\n\n\n\n<p>\u00b7 Torrevieja: 4 casos. Origen social&nbsp;<\/p>\n\n\n\n<p>\u00b7 L&#8217;Alc\u00fadia de Crespins: 9 casos. Origen laboral<\/p>\n\n\n\n<p>\u00b7 Torrevieja: 3 casos. Origen social&nbsp;<\/p>\n\n\n\n<p>\u00b7 Oropesa del Mar: 5 casos. Origen social&nbsp;<\/p>\n\n\n\n<p>\u00b7 Val\u00e8ncia: 4 casos. Origen social&nbsp;<\/p>\n\n\n\n<p>\u00b7 El Pin\u00f3s: 4 casos. Origen laboral<\/p>\n\n\n\n<p>\u00b7 Oliva: 6 casos. Origen otros \u00e1mbitos comunitarios<\/p>\n\n\n\n<p>\u00b7 Val\u00e8ncia: 4 casos. Origen social&nbsp;<\/p>\n\n\n\n<p>\u00b7 Val\u00e8ncia: 3 casos. Origen social&nbsp;<\/p>\n\n\n\n<p>\u00b7 Ondara: 5 casos. Origen laboral<\/p>\n\n\n\n<p>\u00b7 D\u00e9nia: 6 casos. Origen social&nbsp;<\/p>\n\n\n\n<p>\u00b7 Val\u00e8ncia: 3 casos. Origen social&nbsp;<\/p>\n\n\n\n<p>\u00b7 Val\u00e8ncia: 3 casos. Origen social&nbsp;<\/p>\n\n\n\n<p>\u00b7 Gandia: 3 casos. Origen laboral<\/p>\n","protected":false},"excerpt":{"rendered":"<div class=\"mh-excerpt\">La Comunitat Valenciana ha registrado desde la \u00faltima actualizaci\u00f3n 714 nuevos contagios de coronavirus confirmados por prueba PCR, que sit\u00faan la cifra total de positivos en 26.746 personas; once de ellos en un contagio de <a class=\"mh-excerpt-more\" href=\"https:\/\/www.tucomarca.com\/wordpress\/segunda\/bunol-suma-11-nuevos-casos-de-origen-laboral-a-los-714-nuevos-positivos-en-coronavirus-registrados-en-el-ultimo-balance-de-la-comunitat\/\" title=\"Bu\u00f1ol suma 11 nuevos casos de origen laboral a los 714 nuevos positivos en coronavirus registrados en el \u00faltimo balance de la Comunitat\">[+] <\/a><\/div>\n","protected":false},"author":1,"featured_media":113006,"comment_status":"open","ping_status":"open","sticky":false,"template":"","format":"standard","meta":{"footnotes":""},"categories":[18,119,12201,128,8,10,117,142,3,116,45],"tags":[11937,11938,11951,5952],"class_list":{"0":"post-113035","1":"post","2":"type-post","3":"status-publish","4":"format-standard","5":"has-post-thumbnail","7":"category-bunol","8":"category-sanidad-la-comarca","9":"category-covid-19","10":"category-infraestructuras","11":"category-la-comarca","12":"category-la-hoya","13":"category-medio-ambiente-la-comarca","14":"category-politica-la-comarca","15":"category-seccion","16":"category-sucesos-la-comarca","17":"category-ventana","18":"tag-coronavirus","19":"tag-covid-19","20":"tag-covid2019","21":"tag-la-hoya-de-bunol-chiva"},"_links":{"self":[{"href":"https:\/\/www.tucomarca.com\/wordpress\/segunda\/wp-json\/wp\/v2\/posts\/113035","targetHints":{"allow":["GET"]}}],"collection":[{"href":"https:\/\/www.tucomarca.com\/wordpress\/segunda\/wp-json\/wp\/v2\/posts"}],"about":[{"href":"https:\/\/www.tucomarca.com\/wordpress\/segunda\/wp-json\/wp\/v2\/types\/post"}],"author":[{"embeddable":true,"href":"https:\/\/www.tucomarca.com\/wordpress\/segunda\/wp-json\/wp\/v2\/users\/1"}],"replies":[{"embeddable":true,"href":"https:\/\/www.tucomarca.com\/wordpress\/segunda\/wp-json\/wp\/v2\/comments?post=113035"}],"version-history":[{"count":0,"href":"https:\/\/www.tucomarca.com\/wordpress\/segunda\/wp-json\/wp\/v2\/posts\/113035\/revisions"}],"wp:featuredmedia":[{"embeddable":true,"href":"https:\/\/www.tucomarca.com\/wordpress\/segunda\/wp-json\/wp\/v2\/media\/113006"}],"wp:attachment":[{"href":"https:\/\/www.tucomarca.com\/wordpress\/segunda\/wp-json\/wp\/v2\/media?parent=113035"}],"wp:term":[{"taxonomy":"category","embeddable":true,"href":"https:\/\/www.tucomarca.com\/wordpress\/segunda\/wp-json\/wp\/v2\/categories?post=113035"},{"taxonomy":"post_tag","embeddable":true,"href":"https:\/\/www.tucomarca.com\/wordpress\/segunda\/wp-json\/wp\/v2\/tags?post=113035"}],"curies":[{"name":"wp","href":"https:\/\/api.w.org\/{rel}","templated":true}]}}