{"id":113134,"date":"2020-09-07T20:02:54","date_gmt":"2020-09-07T18:02:54","guid":{"rendered":"http:\/\/www.tucomarca.com\/wordpress\/segunda\/?p=113134"},"modified":"2020-09-08T01:04:03","modified_gmt":"2020-09-07T23:04:03","slug":"riba-roja-abre-a-las-visitas-el-yacimiento-apicola-de-porxinos-de-la-epoca-ibera-unico-en-toda-espana-rodeado-de-acueductos-romanos","status":"publish","type":"post","link":"https:\/\/www.tucomarca.com\/wordpress\/segunda\/riba-roja-abre-a-las-visitas-el-yacimiento-apicola-de-porxinos-de-la-epoca-ibera-unico-en-toda-espana-rodeado-de-acueductos-romanos\/","title":{"rendered":"Riba-roja abre a las visitas el yacimiento ap\u00edcola de Porxinos de la \u00e8poca \u00edbera \u00fanico en toda Espa\u00f1a rodeado de acueductos romanos"},"content":{"rendered":"\n<p><strong>El ayuntamiento pone en valor uno de los emplazamientos m\u00e1s importantes del municipio<\/strong><\/p>\n\n\n\n<ul class=\"wp-block-gallery columns-2 is-cropped wp-block-gallery-1 is-layout-flex wp-block-gallery-is-layout-flex\"><li class=\"blocks-gallery-item\"><figure><img loading=\"lazy\" decoding=\"async\" width=\"787\" height=\"525\" src=\"https:\/\/www.tucomarca.com\/wordpress\/segunda\/wp-content\/uploads\/2020\/09\/Acueducto5.jpg\" alt=\"\" data-id=\"113109\" data-link=\"https:\/\/www.tucomarca.com\/wordpress\/segunda\/ca\/?attachment_id=113109\" class=\"wp-image-113109\" srcset=\"https:\/\/www.tucomarca.com\/wordpress\/segunda\/wp-content\/uploads\/2020\/09\/Acueducto5.jpg 787w, https:\/\/www.tucomarca.com\/wordpress\/segunda\/wp-content\/uploads\/2020\/09\/Acueducto5-300x200.jpg 300w, https:\/\/www.tucomarca.com\/wordpress\/segunda\/wp-content\/uploads\/2020\/09\/Acueducto5-768x512.jpg 768w\" sizes=\"auto, (max-width: 787px) 100vw, 787px\" \/><\/figure><\/li><li class=\"blocks-gallery-item\"><figure><img loading=\"lazy\" decoding=\"async\" width=\"787\" height=\"525\" src=\"https:\/\/www.tucomarca.com\/wordpress\/segunda\/wp-content\/uploads\/2020\/09\/Acueducto7.jpg\" alt=\"\" data-id=\"113111\" data-link=\"https:\/\/www.tucomarca.com\/wordpress\/segunda\/ca\/?attachment_id=113111\" class=\"wp-image-113111\" srcset=\"https:\/\/www.tucomarca.com\/wordpress\/segunda\/wp-content\/uploads\/2020\/09\/Acueducto7.jpg 787w, https:\/\/www.tucomarca.com\/wordpress\/segunda\/wp-content\/uploads\/2020\/09\/Acueducto7-300x200.jpg 300w, https:\/\/www.tucomarca.com\/wordpress\/segunda\/wp-content\/uploads\/2020\/09\/Acueducto7-768x512.jpg 768w\" sizes=\"auto, (max-width: 787px) 100vw, 787px\" \/><\/figure><\/li><li class=\"blocks-gallery-item\"><figure><img loading=\"lazy\" decoding=\"async\" width=\"787\" height=\"630\" src=\"https:\/\/www.tucomarca.com\/wordpress\/segunda\/wp-content\/uploads\/2020\/09\/FontetaRaquia.jpg\" alt=\"\" data-id=\"113113\" data-link=\"https:\/\/www.tucomarca.com\/wordpress\/segunda\/ca\/?attachment_id=113113\" class=\"wp-image-113113\" srcset=\"https:\/\/www.tucomarca.com\/wordpress\/segunda\/wp-content\/uploads\/2020\/09\/FontetaRaquia.jpg 787w, https:\/\/www.tucomarca.com\/wordpress\/segunda\/wp-content\/uploads\/2020\/09\/FontetaRaquia-300x240.jpg 300w, https:\/\/www.tucomarca.com\/wordpress\/segunda\/wp-content\/uploads\/2020\/09\/FontetaRaquia-768x615.jpg 768w\" sizes=\"auto, (max-width: 787px) 100vw, 787px\" \/><\/figure><\/li><li class=\"blocks-gallery-item\"><figure><img loading=\"lazy\" decoding=\"async\" width=\"787\" height=\"630\" src=\"https:\/\/www.tucomarca.com\/wordpress\/segunda\/wp-content\/uploads\/2020\/09\/fontetaRaquia2.jpg\" alt=\"\" data-id=\"113117\" data-link=\"https:\/\/www.tucomarca.com\/wordpress\/segunda\/ca\/?attachment_id=113117\" class=\"wp-image-113117\" srcset=\"https:\/\/www.tucomarca.com\/wordpress\/segunda\/wp-content\/uploads\/2020\/09\/fontetaRaquia2.jpg 787w, https:\/\/www.tucomarca.com\/wordpress\/segunda\/wp-content\/uploads\/2020\/09\/fontetaRaquia2-300x240.jpg 300w, https:\/\/www.tucomarca.com\/wordpress\/segunda\/wp-content\/uploads\/2020\/09\/fontetaRaquia2-768x615.jpg 768w\" sizes=\"auto, (max-width: 787px) 100vw, 787px\" \/><\/figure><\/li><li class=\"blocks-gallery-item\"><figure><img loading=\"lazy\" decoding=\"async\" width=\"787\" height=\"590\" src=\"https:\/\/www.tucomarca.com\/wordpress\/segunda\/wp-content\/uploads\/2020\/09\/FornCalc.jpg\" alt=\"\" data-id=\"113121\" data-link=\"https:\/\/www.tucomarca.com\/wordpress\/segunda\/ca\/?attachment_id=113121\" class=\"wp-image-113121\" srcset=\"https:\/\/www.tucomarca.com\/wordpress\/segunda\/wp-content\/uploads\/2020\/09\/FornCalc.jpg 787w, https:\/\/www.tucomarca.com\/wordpress\/segunda\/wp-content\/uploads\/2020\/09\/FornCalc-300x225.jpg 300w, https:\/\/www.tucomarca.com\/wordpress\/segunda\/wp-content\/uploads\/2020\/09\/FornCalc-768x576.jpg 768w, https:\/\/www.tucomarca.com\/wordpress\/segunda\/wp-content\/uploads\/2020\/09\/FornCalc-678x509.jpg 678w, https:\/\/www.tucomarca.com\/wordpress\/segunda\/wp-content\/uploads\/2020\/09\/FornCalc-326x245.jpg 326w, https:\/\/www.tucomarca.com\/wordpress\/segunda\/wp-content\/uploads\/2020\/09\/FornCalc-80x60.jpg 80w\" sizes=\"auto, (max-width: 787px) 100vw, 787px\" \/><\/figure><\/li><li class=\"blocks-gallery-item\"><figure><img loading=\"lazy\" decoding=\"async\" width=\"787\" height=\"529\" src=\"https:\/\/www.tucomarca.com\/wordpress\/segunda\/wp-content\/uploads\/2020\/09\/Porxinos2.jpg\" alt=\"\" data-id=\"113123\" data-link=\"https:\/\/www.tucomarca.com\/wordpress\/segunda\/ca\/?attachment_id=113123\" class=\"wp-image-113123\" srcset=\"https:\/\/www.tucomarca.com\/wordpress\/segunda\/wp-content\/uploads\/2020\/09\/Porxinos2.jpg 787w, https:\/\/www.tucomarca.com\/wordpress\/segunda\/wp-content\/uploads\/2020\/09\/Porxinos2-300x202.jpg 300w, https:\/\/www.tucomarca.com\/wordpress\/segunda\/wp-content\/uploads\/2020\/09\/Porxinos2-768x516.jpg 768w\" sizes=\"auto, (max-width: 787px) 100vw, 787px\" \/><\/figure><\/li><li class=\"blocks-gallery-item\"><figure><img loading=\"lazy\" decoding=\"async\" width=\"787\" height=\"597\" src=\"https:\/\/www.tucomarca.com\/wordpress\/segunda\/wp-content\/uploads\/2020\/09\/Porxinos3.jpg\" alt=\"\" data-id=\"113125\" data-link=\"https:\/\/www.tucomarca.com\/wordpress\/segunda\/ca\/?attachment_id=113125\" class=\"wp-image-113125\" srcset=\"https:\/\/www.tucomarca.com\/wordpress\/segunda\/wp-content\/uploads\/2020\/09\/Porxinos3.jpg 787w, https:\/\/www.tucomarca.com\/wordpress\/segunda\/wp-content\/uploads\/2020\/09\/Porxinos3-300x228.jpg 300w, https:\/\/www.tucomarca.com\/wordpress\/segunda\/wp-content\/uploads\/2020\/09\/Porxinos3-768x583.jpg 768w, https:\/\/www.tucomarca.com\/wordpress\/segunda\/wp-content\/uploads\/2020\/09\/Porxinos3-80x60.jpg 80w\" sizes=\"auto, (max-width: 787px) 100vw, 787px\" \/><\/figure><\/li><li class=\"blocks-gallery-item\"><figure><img loading=\"lazy\" decoding=\"async\" width=\"787\" height=\"521\" src=\"https:\/\/www.tucomarca.com\/wordpress\/segunda\/wp-content\/uploads\/2020\/09\/Porxinos5.jpg\" alt=\"\" data-id=\"113127\" data-link=\"https:\/\/www.tucomarca.com\/wordpress\/segunda\/ca\/?attachment_id=113127\" class=\"wp-image-113127\" srcset=\"https:\/\/www.tucomarca.com\/wordpress\/segunda\/wp-content\/uploads\/2020\/09\/Porxinos5.jpg 787w, https:\/\/www.tucomarca.com\/wordpress\/segunda\/wp-content\/uploads\/2020\/09\/Porxinos5-300x199.jpg 300w, https:\/\/www.tucomarca.com\/wordpress\/segunda\/wp-content\/uploads\/2020\/09\/Porxinos5-768x508.jpg 768w\" sizes=\"auto, (max-width: 787px) 100vw, 787px\" \/><\/figure><\/li><li class=\"blocks-gallery-item\"><figure><img loading=\"lazy\" decoding=\"async\" width=\"787\" height=\"590\" src=\"https:\/\/www.tucomarca.com\/wordpress\/segunda\/wp-content\/uploads\/2020\/09\/restos-1.jpg\" alt=\"\" data-id=\"113129\" data-link=\"https:\/\/www.tucomarca.com\/wordpress\/segunda\/ca\/?attachment_id=113129\" class=\"wp-image-113129\" srcset=\"https:\/\/www.tucomarca.com\/wordpress\/segunda\/wp-content\/uploads\/2020\/09\/restos-1.jpg 787w, https:\/\/www.tucomarca.com\/wordpress\/segunda\/wp-content\/uploads\/2020\/09\/restos-1-300x225.jpg 300w, https:\/\/www.tucomarca.com\/wordpress\/segunda\/wp-content\/uploads\/2020\/09\/restos-1-768x576.jpg 768w, https:\/\/www.tucomarca.com\/wordpress\/segunda\/wp-content\/uploads\/2020\/09\/restos-1-678x509.jpg 678w, https:\/\/www.tucomarca.com\/wordpress\/segunda\/wp-content\/uploads\/2020\/09\/restos-1-326x245.jpg 326w, https:\/\/www.tucomarca.com\/wordpress\/segunda\/wp-content\/uploads\/2020\/09\/restos-1-80x60.jpg 80w\" sizes=\"auto, (max-width: 787px) 100vw, 787px\" \/><\/figure><\/li><li class=\"blocks-gallery-item\"><figure><img loading=\"lazy\" decoding=\"async\" width=\"787\" height=\"556\" src=\"https:\/\/www.tucomarca.com\/wordpress\/segunda\/wp-content\/uploads\/2020\/09\/restos2-1.jpg\" alt=\"\" data-id=\"113131\" data-link=\"https:\/\/www.tucomarca.com\/wordpress\/segunda\/ca\/?attachment_id=113131\" class=\"wp-image-113131\" srcset=\"https:\/\/www.tucomarca.com\/wordpress\/segunda\/wp-content\/uploads\/2020\/09\/restos2-1.jpg 787w, https:\/\/www.tucomarca.com\/wordpress\/segunda\/wp-content\/uploads\/2020\/09\/restos2-1-300x212.jpg 300w, https:\/\/www.tucomarca.com\/wordpress\/segunda\/wp-content\/uploads\/2020\/09\/restos2-1-768x543.jpg 768w\" sizes=\"auto, (max-width: 787px) 100vw, 787px\" \/><\/figure><\/li><\/ul>\n\n\n\n<p>El Ayuntamiento de Riba-roja del T\u00faria ha puesto en valor este verano los hallazgos arqueol\u00f3gicos del \u00fanico yacimiento ap\u00edcola de la \u00e9poca \u00edbera ubicado en el coraz\u00f3n del Valle de Porxinos por su importancia en el conjunto de toda Espa\u00f1a. Los hallazgos son fruto de los trabajos realizados en 2008 sobre una extensi\u00f3n de terrenos de cerca de quinientos metros en uno de los enclaves naturales m\u00e1s extensos del municipio.<\/p>\n\n\n\n<p>El yacimiento ap\u00edcola forma parte de las rutas que ha puesto en marcha para este a\u00f1o el Ayuntamiento de Riba-roja del T\u00faria con el fin de difundir el patrimonio arqueol\u00f3gico de la localidad, especialmente en cuanto a los restos de \u00e9poca \u00edbera y tambi\u00e9n con atenci\u00f3n a los tramos de los acueductos existentes de la \u00e9poca romana ubicados en el barranco de Porxinos, protegidos como bien de relevancia local (BRL) por el plenario.<\/p>\n\n\n\n<p>Con la denominaci\u00f3n de \u00abFonteta R\u00e0quia\u00bb, su descubrimiento ha servido como reclamo tur\u00edstico y uno de los motivos para visitar un paraje natural dentro del parque natural del T\u00faria y que se fue objeto de un estudio arqueol\u00f3gico por parte de los expertos. En dicho trabajo se encontraron hasta 140 kilogramos de fragmentos que equivaldr\u00edan a unos 200 colmenas de la miel producida en el periodo de tiempo en que estuvo en funcionamiento.<\/p>\n\n\n\n<p>Es por ello que el \u00e1rea de Turismo de Riba-roja de T\u00faria ha dise\u00f1ado varios programas a lo largo de todo el verano adaptados a la normativa marcada por las autoridades sanitarias en cuanto al Covid-19. Entre las actividades cabe mencionar la llamada ruta del agua, el castillo XI y los museos del Mupla, el Muca y el Espacio de Arte Contempor\u00e1neo (Eca), adem\u00e1s de los senderos culturales para el Valle de Porxinos, el Secreto visigodo del Pla de Nadal y actividades como El Parque Natural a la luz de la noche, descensos en kayak o rutas en bicicleta.<\/p>\n\n\n\n<p>La excursi\u00f3n preparada para conocer con m\u00e1s profundidad esta zona del t\u00e9rmino municipal comprende una visita al Forn de la Cal\u00e7 de la Cara de l&#8217;Indi, el yacimiento ap\u00edcola de la Fonteta R\u00e0quia y, finalmente, para terminar con los acueductos de Porxinos.<\/p>\n\n\n\n<p>El yacimiento ap\u00edcola est\u00e1 considerado por los expertos arque\u00f3logos como el \u00fanico existente en todo el Estado por su funci\u00f3n como productor de miel, que se remonta a los siglos IV-III antes de Cristo en la zona sureste de Porxinos, con abundantes hallazgos en forma de fragmentos cer\u00e1micos correspondientes a las colmenas que hay v\u00eda durante los a\u00f1os de esplendor. El top\u00f3nimo Fonteta toma su nombre del surgimiento de agua que hab\u00eda en uno de los lados de la monta\u00f1a y que serv\u00eda para que las abejas pudieran abastecerse de agua para producir la miel.<\/p>\n\n\n\n<p>Las prospecciones arqueol\u00f3gicas permitieron encontrar una serie de utensilios y recipientes para el almacenamiento, especialmente de cocina, aunque los restos de las colmenas son las m\u00e1s abundantes en la zona. Con cilindros de entre 55 y 60 cent\u00edmetros de longitud y entre 20 y 30 de di\u00e1metro, se encuentran abiertos por ambos lados y con una superficie recubierta en toda su extensi\u00f3n.<\/p>\n\n\n\n<p>Los estudios, adem\u00e1s, consideran que la Fonteta R\u00e0quia cumpl\u00eda las funciones de asentamiento ap\u00edcola en el que resid\u00eda una familia de forma regular y permanente a fin de tener cuidado de las colmenas de miel y de esa manera que evitar sus hurtos o posibles destrucciones de los enemigos. En ese caso, tambi\u00e9n hay que a\u00f1adir que la producci\u00f3n anual de miel era muy importantes dada la cantidad de utensilios encontrados.<\/p>\n\n\n\n<p>El yacimiento ap\u00edcola se completa con la red de los acueductos y canales que hab\u00eda en la zona y que se remontan a la \u00e9poca romana y que son importantes especialmente para las tareas agr\u00edcolas que se llevaban a cabo durante esos a\u00f1os y que recorren paralelos al margen derecho del r\u00edo Turia. Los tramos m\u00e1s grandes est\u00e1n ubicados en el Valle de Porxinos, del cual destaca un arco que une los dos lados del barranco, los muros y una balsa de agua. Aunque los tramos est\u00e1n cerca unos de otros, no hay constancia expresa que formaron parte de un mismo acueducto.<\/p>\n\n\n\n<p>El alcalde de Riba-roja del T\u00faria, Robert Raga, ha se\u00f1alado el valor \u00abecol\u00f3gico, patrimonial y arqueol\u00f3gico que presenta el Valle de Porxinos, con unos restos que nos recuerdan las formas de vida de las civilizaciones que han pasado durante siglos por nuestro municipio y que para nosotros supone una obligaci\u00f3n recuperarlas, mantenerlas y difundir su legado hist\u00f3rico y cultural \u00ab.<\/p>\n","protected":false},"excerpt":{"rendered":"<div class=\"mh-excerpt\">El ayuntamiento pone en valor uno de los emplazamientos m\u00e1s importantes del municipio El Ayuntamiento de Riba-roja del T\u00faria ha puesto en valor este verano los hallazgos arqueol\u00f3gicos del \u00fanico yacimiento ap\u00edcola de la \u00e9poca <a class=\"mh-excerpt-more\" href=\"https:\/\/www.tucomarca.com\/wordpress\/segunda\/riba-roja-abre-a-las-visitas-el-yacimiento-apicola-de-porxinos-de-la-epoca-ibera-unico-en-toda-espana-rodeado-de-acueductos-romanos\/\" title=\"Riba-roja abre a las visitas el yacimiento ap\u00edcola de Porxinos de la \u00e8poca \u00edbera \u00fanico en toda Espa\u00f1a rodeado de acueductos romanos\">[+] <\/a><\/div>\n","protected":false},"author":12,"featured_media":113108,"comment_status":"open","ping_status":"open","sticky":false,"template":"","format":"gallery","meta":{"footnotes":""},"categories":[46,8,7,182,3],"tags":[10631,10395,5227],"class_list":{"0":"post-113134","1":"post","2":"type-post","3":"status-publish","4":"format-gallery","5":"has-post-thumbnail","7":"category-camp-de-turia","8":"category-la-comarca","9":"category-ocio-y-cultura","10":"category-riba-roja","11":"category-seccion","12":"tag-ajuntament-de-riba-roja","13":"tag-camp-de-turia","14":"tag-porxinos","15":"post_format-post-format-gallery"},"_links":{"self":[{"href":"https:\/\/www.tucomarca.com\/wordpress\/segunda\/wp-json\/wp\/v2\/posts\/113134","targetHints":{"allow":["GET"]}}],"collection":[{"href":"https:\/\/www.tucomarca.com\/wordpress\/segunda\/wp-json\/wp\/v2\/posts"}],"about":[{"href":"https:\/\/www.tucomarca.com\/wordpress\/segunda\/wp-json\/wp\/v2\/types\/post"}],"author":[{"embeddable":true,"href":"https:\/\/www.tucomarca.com\/wordpress\/segunda\/wp-json\/wp\/v2\/users\/12"}],"replies":[{"embeddable":true,"href":"https:\/\/www.tucomarca.com\/wordpress\/segunda\/wp-json\/wp\/v2\/comments?post=113134"}],"version-history":[{"count":0,"href":"https:\/\/www.tucomarca.com\/wordpress\/segunda\/wp-json\/wp\/v2\/posts\/113134\/revisions"}],"wp:featuredmedia":[{"embeddable":true,"href":"https:\/\/www.tucomarca.com\/wordpress\/segunda\/wp-json\/wp\/v2\/media\/113108"}],"wp:attachment":[{"href":"https:\/\/www.tucomarca.com\/wordpress\/segunda\/wp-json\/wp\/v2\/media?parent=113134"}],"wp:term":[{"taxonomy":"category","embeddable":true,"href":"https:\/\/www.tucomarca.com\/wordpress\/segunda\/wp-json\/wp\/v2\/categories?post=113134"},{"taxonomy":"post_tag","embeddable":true,"href":"https:\/\/www.tucomarca.com\/wordpress\/segunda\/wp-json\/wp\/v2\/tags?post=113134"}],"curies":[{"name":"wp","href":"https:\/\/api.w.org\/{rel}","templated":true}]}}