{"id":113327,"date":"2020-09-11T10:30:21","date_gmt":"2020-09-11T08:30:21","guid":{"rendered":"http:\/\/www.tucomarca.com\/wordpress\/segunda\/?p=113327"},"modified":"2020-09-12T01:27:28","modified_gmt":"2020-09-11T23:27:28","slug":"riba-roja-crea-la-agencia-municipal-para-el-acceso-a-la-vivienda-social-destinado-a-las-personas-sin-recursos-con-riesgo-de-vulnerabilidad-o-problemas-para-emanciparse","status":"publish","type":"post","link":"https:\/\/www.tucomarca.com\/wordpress\/segunda\/riba-roja-crea-la-agencia-municipal-para-el-acceso-a-la-vivienda-social-destinado-a-las-personas-sin-recursos-con-riesgo-de-vulnerabilidad-o-problemas-para-emanciparse\/","title":{"rendered":"Riba-roja crea la Agencia Municipal para el acceso a la Vivienda Social destinado a las personas sin recursos, con riesgo de vulnerabilidad o problemas para emanciparse"},"content":{"rendered":"\n<p><strong>La propuesta alerta de la situaci\u00f3n que atraviesan las familias sin recursos<\/strong><\/p>\n\n\n\n<ul class=\"wp-block-gallery columns-1 is-cropped wp-block-gallery-1 is-layout-flex wp-block-gallery-is-layout-flex\"><li class=\"blocks-gallery-item\"><figure><img loading=\"lazy\" decoding=\"async\" width=\"787\" height=\"525\" src=\"https:\/\/www.tucomarca.com\/wordpress\/segunda\/wp-content\/uploads\/2020\/09\/Riba-rojaViviendas1.jpg\" alt=\"\" data-id=\"113331\" data-link=\"https:\/\/www.tucomarca.com\/wordpress\/segunda\/?attachment_id=113331\" class=\"wp-image-113331\" srcset=\"https:\/\/www.tucomarca.com\/wordpress\/segunda\/wp-content\/uploads\/2020\/09\/Riba-rojaViviendas1.jpg 787w, https:\/\/www.tucomarca.com\/wordpress\/segunda\/wp-content\/uploads\/2020\/09\/Riba-rojaViviendas1-300x200.jpg 300w, https:\/\/www.tucomarca.com\/wordpress\/segunda\/wp-content\/uploads\/2020\/09\/Riba-rojaViviendas1-768x512.jpg 768w\" sizes=\"auto, (max-width: 787px) 100vw, 787px\" \/><\/figure><\/li><li class=\"blocks-gallery-item\"><figure><img loading=\"lazy\" decoding=\"async\" width=\"787\" height=\"525\" src=\"https:\/\/www.tucomarca.com\/wordpress\/segunda\/wp-content\/uploads\/2020\/09\/Riba-rojaViviendas2.jpg\" alt=\"\" data-id=\"113333\" data-link=\"https:\/\/www.tucomarca.com\/wordpress\/segunda\/?attachment_id=113333\" class=\"wp-image-113333\" srcset=\"https:\/\/www.tucomarca.com\/wordpress\/segunda\/wp-content\/uploads\/2020\/09\/Riba-rojaViviendas2.jpg 787w, https:\/\/www.tucomarca.com\/wordpress\/segunda\/wp-content\/uploads\/2020\/09\/Riba-rojaViviendas2-300x200.jpg 300w, https:\/\/www.tucomarca.com\/wordpress\/segunda\/wp-content\/uploads\/2020\/09\/Riba-rojaViviendas2-768x512.jpg 768w\" sizes=\"auto, (max-width: 787px) 100vw, 787px\" \/><\/figure><\/li><\/ul>\n\n\n\n<p>El pleno del Ayuntamiento de Riba-roja de T\u00faria ha aprobado una propuesta que permitir\u00e1 la creaci\u00f3n de una Agencia Municipal de acceso a la vivienda social que est\u00e1 enfocada para paliar la situaci\u00f3n que atraviesan las personas con riesgo de vulnerabilidad, con mayor dificultad para emanciparse, las personas j\u00f3venes o personas con diversidad funcional de la localidad.&nbsp;<\/p>\n\n\n\n<p>\tLa propuesta del PSPV de Riba-roja de T\u00faria ha contado con el respaldo de Comprom\u00eds y l\u2019Esquerra, la abstenci\u00f3n del Partido Popular y Podemos Riba-roja Puede y los votos contrarios de Ciudadanos y Vox. El texto de la citada moci\u00f3n recoge que la creaci\u00f3n e impulso de la agencia de la vivienda social se debe efectuar en un plazo m\u00e1ximo de seis meses con el objetivo de desarrollar su actuaci\u00f3n pr\u00f3ximamente.&nbsp;<\/p>\n\n\n\n<p>\tLa aprobaci\u00f3n plenaria hace hincapi\u00e9 en la escasa implantaci\u00f3n que tienen el alquiler social en Espa\u00f1a con un 2% sobre la vivienda p\u00fablica, una cifra claramente por debajo del 32% del alquiler en los Pa\u00edses Bajos, el 24% en Austria o el 19% en Dinamarca, a pesar de que en estos pa\u00edses existe un mayor nivel del poder adquisitivo respecto del caso espa\u00f1ol.&nbsp;<\/p>\n\n\n\n<p>\tEsta escasa implantaci\u00f3n aboca, a tenor del texto del pleno, a una situaci\u00f3n de \u201cemergencia habitacional\u201d que hace necesaria la creaci\u00f3n de la agencia municipal de acceso a la vivienda social. \u201cLa existencia de un parque de viviendas es fundamental para conseguir una mayor estabilizaci\u00f3n de los ciclos inmobiliarios, al servir de amortiguador para las bruscas oscilaciones de los precios de las viviendas\u201d, rese\u00f1a el texto.&nbsp;<\/p>\n\n\n\n<p>\tLa creaci\u00f3n de la agencia permitir\u00e1 una mejor asignaci\u00f3n de los recursos para favorecer la emancipaci\u00f3n de los j\u00f3venes, la movilidad de los trabajadores y la mejora de las posibilidades de acceso a la vivienda para los segmentos de poblaci\u00f3n con menor renta econ\u00f3mica disponible.&nbsp;<\/p>\n\n\n\n<p>\tEl Ayuntamiento de Riba-roja de T\u00faria impulsar\u00e1 pol\u00edticas desde la citada agencia enfocadas a las personas con riesgo de vulnerabilidad o con mayor dificultad para emanciparse para favorecer el acceso a la vivienda social, mejorar el derecho de a una vivienda a trav\u00e9s de la puesta a disposici\u00f3n de pisos vac\u00edos por parte de propietarios privados y asegurar las garant\u00edas por ambas partes, adem\u00e1s de precios controlados.<\/p>\n\n\n\n<p>\tEl consistorio de Riba-roja de T\u00faria se encargar\u00e1 de poner a disposici\u00f3n de las personas que lo necesiten de una bolsa de viviendas actualmente vac\u00edas y que sus propietarios no utilizan, de forma que entre ambas partes \u2013propietarios e inquilinos- puedan hallar a trav\u00e9s de esta f\u00f3rmula municipal alicientes suficientes que les compensen, sin ning\u00fan tipo de problema.&nbsp;<\/p>\n\n\n\n<p>\tLa agencia de fomento para el acceso a la vivienda social actuar\u00e1 como mediadora y garante de los derechos y bienes de ambas partes, con el prop\u00f3sito de facilitar el acceso de manera temporal y de centralizar todas las pol\u00edticas de ayudas y subvenciones en materia de vivienda, as\u00ed como el asesoramiento de las mismas cuando puedan surgir situaciones externas al municipio.&nbsp;<\/p>\n\n\n\n<p>\tLos arrendatarios, due\u00f1os de los pisos, contar\u00e1n con la ventaja de disponer de garant\u00edas de mantenimiento de sus viviendas, descuentos en materia de impuestos locales para este bien, localizar arrendadores con la renta suficiente, garant\u00edas de pago o asesoramiento fiscal gratuito. Los arrendadores podr\u00e1n disponer de precios controlados, gesti\u00f3n de la fianza y subvenciones para el pago del alquiler. &nbsp;<\/p>\n\n\n\n<p>\tEl alcalde de Riba-roja de T\u00faria, Robert Raga, ha afirmado que esta iniciativa \u201ces muy importante para una parte de nuestros vecinos que tienen muchos problemas para acceder a una vivienda y, por ello, desde el ayuntamiento hacemos una intermediaci\u00f3n para que entre los propietarios de las mismas y las personas con dificultades puedan establecerse un nexo que facilite el derecho a una vivienda\u201d.<\/p>\n","protected":false},"excerpt":{"rendered":"<div class=\"mh-excerpt\">La propuesta alerta de la situaci\u00f3n que atraviesan las familias sin recursos El pleno del Ayuntamiento de Riba-roja de T\u00faria ha aprobado una propuesta que permitir\u00e1 la creaci\u00f3n de una Agencia Municipal de acceso a <a class=\"mh-excerpt-more\" href=\"https:\/\/www.tucomarca.com\/wordpress\/segunda\/riba-roja-crea-la-agencia-municipal-para-el-acceso-a-la-vivienda-social-destinado-a-las-personas-sin-recursos-con-riesgo-de-vulnerabilidad-o-problemas-para-emanciparse\/\" title=\"Riba-roja crea la Agencia Municipal para el acceso a la Vivienda Social destinado a las personas sin recursos, con riesgo de vulnerabilidad o problemas para emanciparse\">[+] <\/a><\/div>\n","protected":false},"author":12,"featured_media":113329,"comment_status":"open","ping_status":"open","sticky":false,"template":"","format":"gallery","meta":{"footnotes":""},"categories":[46,128,8,142,182,3],"tags":[10631,10395,5069],"class_list":{"0":"post-113327","1":"post","2":"type-post","3":"status-publish","4":"format-gallery","5":"has-post-thumbnail","7":"category-camp-de-turia","8":"category-infraestructuras","9":"category-la-comarca","10":"category-politica-la-comarca","11":"category-riba-roja","12":"category-seccion","13":"tag-ajuntament-de-riba-roja","14":"tag-camp-de-turia","15":"tag-vivienda-social","16":"post_format-post-format-gallery"},"_links":{"self":[{"href":"https:\/\/www.tucomarca.com\/wordpress\/segunda\/wp-json\/wp\/v2\/posts\/113327","targetHints":{"allow":["GET"]}}],"collection":[{"href":"https:\/\/www.tucomarca.com\/wordpress\/segunda\/wp-json\/wp\/v2\/posts"}],"about":[{"href":"https:\/\/www.tucomarca.com\/wordpress\/segunda\/wp-json\/wp\/v2\/types\/post"}],"author":[{"embeddable":true,"href":"https:\/\/www.tucomarca.com\/wordpress\/segunda\/wp-json\/wp\/v2\/users\/12"}],"replies":[{"embeddable":true,"href":"https:\/\/www.tucomarca.com\/wordpress\/segunda\/wp-json\/wp\/v2\/comments?post=113327"}],"version-history":[{"count":0,"href":"https:\/\/www.tucomarca.com\/wordpress\/segunda\/wp-json\/wp\/v2\/posts\/113327\/revisions"}],"wp:featuredmedia":[{"embeddable":true,"href":"https:\/\/www.tucomarca.com\/wordpress\/segunda\/wp-json\/wp\/v2\/media\/113329"}],"wp:attachment":[{"href":"https:\/\/www.tucomarca.com\/wordpress\/segunda\/wp-json\/wp\/v2\/media?parent=113327"}],"wp:term":[{"taxonomy":"category","embeddable":true,"href":"https:\/\/www.tucomarca.com\/wordpress\/segunda\/wp-json\/wp\/v2\/categories?post=113327"},{"taxonomy":"post_tag","embeddable":true,"href":"https:\/\/www.tucomarca.com\/wordpress\/segunda\/wp-json\/wp\/v2\/tags?post=113327"}],"curies":[{"name":"wp","href":"https:\/\/api.w.org\/{rel}","templated":true}]}}