{"id":113350,"date":"2020-09-11T09:01:16","date_gmt":"2020-09-11T07:01:16","guid":{"rendered":"http:\/\/www.tucomarca.com\/wordpress\/segunda\/?p=113350"},"modified":"2020-09-12T01:17:15","modified_gmt":"2020-09-11T23:17:15","slug":"turismo-conoce-los-nuevos-proyectos-turisticos-de-riba-roja-para-estudiar-la-futura-colaboracion-vinculada-a-la-formacion-la-gastronomia-y-cultura","status":"publish","type":"post","link":"https:\/\/www.tucomarca.com\/wordpress\/segunda\/turismo-conoce-los-nuevos-proyectos-turisticos-de-riba-roja-para-estudiar-la-futura-colaboracion-vinculada-a-la-formacion-la-gastronomia-y-cultura\/","title":{"rendered":"Turismo conoce los nuevos proyectos tur\u00edsticos de Riba-roja para estudiar la futura colaboraci\u00f3n vinculada a la formaci\u00f3n, la gastronom\u00eda y cultura"},"content":{"rendered":"\n<p>El secretario auton\u00f3mico de Turisme Comunitat Valenciana, Francesc Colomer, ha visitado el municipio de Riba-roja para conocer los nuevos proyectos tur\u00edsticos que est\u00e1 impulsando el destino.&nbsp;<\/p>\n\n\n\n<p>La visita se ha iniciado en el Ayuntamiento de la localidad, donde se ha reunido con el alcalde, Robert Raga, junto con el resto del equipo municipal responsable del \u00e1rea de Turismo. Posteriormente, se han desplazado al espacio que se va a dedicar a la nueva Aula de Cocina para estudiar posibles proyectos futuros vinculados a la formaci\u00f3n.&nbsp;<\/p>\n\n\n\n<p>Asimismo, el secretario auton\u00f3mico ha visitado el yacimiento ap\u00edcola de la \u00e9poca \u00edbera ubicado en el coraz\u00f3n de la Vall de Porxinos, donde el alcalde le ha trasladado su intenci\u00f3n de crear un itinerario de recuperaci\u00f3n de la producci\u00f3n de la miel, as\u00ed como un nuevo espacio para la interpretaci\u00f3n de la zona. Francesc Colomer tambi\u00e9n ha visitado el yacimiento arqueol\u00f3gico de Valencia la Vella.&nbsp;<\/p>\n\n\n\n<p>El secretario auton\u00f3mico ha destacado \u00abel trabajo y esfuerzo municipal que est\u00e1 haciendo Riba-roja por poner en valor el legado visigodo e \u00edbero de la zona, a nivel cultural y gastron\u00f3mico\u00bb.&nbsp;<\/p>\n\n\n\n<p>Asimismo, ha resaltado que \u00abconvertir los recursos en productos que contribuyan a dinamizar el municipio, no solo es positivo para el destino sino para el resto de la Comunitat Valenciana\u00bb.<\/p>\n","protected":false},"excerpt":{"rendered":"<div class=\"mh-excerpt\">El secretario auton\u00f3mico de Turisme Comunitat Valenciana, Francesc Colomer, ha visitado el municipio de Riba-roja para conocer los nuevos proyectos tur\u00edsticos que est\u00e1 impulsando el destino.&nbsp; La visita se ha iniciado en el Ayuntamiento de <a class=\"mh-excerpt-more\" href=\"https:\/\/www.tucomarca.com\/wordpress\/segunda\/turismo-conoce-los-nuevos-proyectos-turisticos-de-riba-roja-para-estudiar-la-futura-colaboracion-vinculada-a-la-formacion-la-gastronomia-y-cultura\/\" title=\"Turismo conoce los nuevos proyectos tur\u00edsticos de Riba-roja para estudiar la futura colaboraci\u00f3n vinculada a la formaci\u00f3n, la gastronom\u00eda y cultura\">[+] <\/a><\/div>\n","protected":false},"author":12,"featured_media":113352,"comment_status":"open","ping_status":"open","sticky":false,"template":"","format":"standard","meta":{"footnotes":""},"categories":[46,128,8,7,142,182,3],"tags":[10631,10395,9841],"class_list":{"0":"post-113350","1":"post","2":"type-post","3":"status-publish","4":"format-standard","5":"has-post-thumbnail","7":"category-camp-de-turia","8":"category-infraestructuras","9":"category-la-comarca","10":"category-ocio-y-cultura","11":"category-politica-la-comarca","12":"category-riba-roja","13":"category-seccion","14":"tag-ajuntament-de-riba-roja","15":"tag-camp-de-turia","16":"tag-valencia-turisme"},"_links":{"self":[{"href":"https:\/\/www.tucomarca.com\/wordpress\/segunda\/wp-json\/wp\/v2\/posts\/113350","targetHints":{"allow":["GET"]}}],"collection":[{"href":"https:\/\/www.tucomarca.com\/wordpress\/segunda\/wp-json\/wp\/v2\/posts"}],"about":[{"href":"https:\/\/www.tucomarca.com\/wordpress\/segunda\/wp-json\/wp\/v2\/types\/post"}],"author":[{"embeddable":true,"href":"https:\/\/www.tucomarca.com\/wordpress\/segunda\/wp-json\/wp\/v2\/users\/12"}],"replies":[{"embeddable":true,"href":"https:\/\/www.tucomarca.com\/wordpress\/segunda\/wp-json\/wp\/v2\/comments?post=113350"}],"version-history":[{"count":0,"href":"https:\/\/www.tucomarca.com\/wordpress\/segunda\/wp-json\/wp\/v2\/posts\/113350\/revisions"}],"wp:featuredmedia":[{"embeddable":true,"href":"https:\/\/www.tucomarca.com\/wordpress\/segunda\/wp-json\/wp\/v2\/media\/113352"}],"wp:attachment":[{"href":"https:\/\/www.tucomarca.com\/wordpress\/segunda\/wp-json\/wp\/v2\/media?parent=113350"}],"wp:term":[{"taxonomy":"category","embeddable":true,"href":"https:\/\/www.tucomarca.com\/wordpress\/segunda\/wp-json\/wp\/v2\/categories?post=113350"},{"taxonomy":"post_tag","embeddable":true,"href":"https:\/\/www.tucomarca.com\/wordpress\/segunda\/wp-json\/wp\/v2\/tags?post=113350"}],"curies":[{"name":"wp","href":"https:\/\/api.w.org\/{rel}","templated":true}]}}