{"id":113413,"date":"2020-09-14T12:00:54","date_gmt":"2020-09-14T10:00:54","guid":{"rendered":"http:\/\/www.tucomarca.com\/wordpress\/segunda\/?p=113413"},"modified":"2020-09-14T21:13:16","modified_gmt":"2020-09-14T19:13:16","slug":"riba-roja-reclama-una-atencion-presencial-a-los-pacientes-del-centro-de-salud-y-un-aumento-del-numero-de-medicos-y-personal-sanitario","status":"publish","type":"post","link":"https:\/\/www.tucomarca.com\/wordpress\/segunda\/riba-roja-reclama-una-atencion-presencial-a-los-pacientes-del-centro-de-salud-y-un-aumento-del-numero-de-medicos-y-personal-sanitario\/","title":{"rendered":"Riba-roja reclama una atenci\u00f3n presencial a los pacientes del centro de salud y un aumento del n\u00famero de m\u00e9dicos y personal sanitario"},"content":{"rendered":"\n<p><strong>El pleno municipal acuerda crear un Consejo Municipal de Salud B\u00e1sico<\/strong><\/p>\n\n\n\n<p>El alcalde de Riba-roja de T\u00faria, Robert Raga, ha solicitado un encuentro con la gerencia del \u00e1rea del Hospital de Manises para reclamar una atenci\u00f3n presencial a los pacientes del centro de salud de esta localidad \u2013en su calidad de empresa gestora- y un aumento de m\u00e9dicos, personal sanitario, administrativo y de atenci\u00f3n a la ciudadan\u00eda para acabar con la saturaci\u00f3n que sufren las instalaciones y las listas de espera para las consultas con los m\u00e9dicos de cabecera.&nbsp;<\/p>\n\n\n\n<p>El pleno del Ayuntamiento de Riba-roja de T\u00faria ha aprobado, por unanimidad, una propuesta de Podemos Riba-roja Puede en la que solicita a la concesionaria del departamento de salud la incorporaci\u00f3n inmediata del personal facultativo necesario para atender todas las consultas de los usuarios y pacientes adscritos al ambulatorio de esta localidad en un plazo m\u00e1ximo de 48 horas.&nbsp;<\/p>\n\n\n\n<p>\tLa moci\u00f3n aprobada por todos los partidos pol\u00edticos con representaci\u00f3n municipal se hace eco de la necesidad de crear el Consejo Municipal de Salud B\u00e1sico, de acuerdo a la legislaci\u00f3n actual, en la que participen las diferentes plataformas sociales de la localidad implicadas en los temas de salud, as\u00ed como la coordinadora m\u00e9dica del centro de salud de Riba-roja de T\u00faria.&nbsp;<\/p>\n\n\n\n<p>\tEl texto refrendado por las formaciones pol\u00edticas enumera algunas de las carencias y problemas que padece el centro de salud desde hace meses como citas de atenci\u00f3n primaria superiores a los dos d\u00edas de espera que obligan, a su vez, a los pacientes, en determinados casos, a acudir al final de la jornada a su m\u00e9dico de cabecera para ser atendido o recurrir al propio hospital de Manises en aquellos casos m\u00e1s urgentes. &nbsp;<\/p>\n\n\n\n<p>\tAdem\u00e1s, cabe destacar otras como la falta de personal que provoca el abandono de la consulta por parte de los facultativos para atender las urgencias en los domicilios particulares, la inexistencia de rastreadores para detectar el Covid-19, deficiencias en las atenciones domiciliarias por carencia de m\u00e9dicos y personal de enfermer\u00eda, ausencia del servicio de salud mental y carencia de pediatras en el servicio de urgencias.&nbsp;<\/p>\n\n\n\n<p>\t\u201cEstas deficiencias de funcionamiento producen malestar tanto a los usuarios como al personal facultativo; con las consecuencias que conocemos, los usuarios a\u00f1adimos tensi\u00f3n a la propia dolencia y los facultativos solicitan el traslado de centro de salud m\u00e1s de lo deseable para una atenci\u00f3n m\u00e9dico-paciente m\u00e1s satisfactoria para ambos\u201d, seg\u00fan se se\u00f1ala en el escrito aprobado.&nbsp;<\/p>\n\n\n\n<p>\tEl pleno del Ayuntamiento de Riba-roja solicita, adem\u00e1s, a la concesionaria del departamento de salud de Manises el personal de enfermer\u00eda familiar y comunitaria necesario \u201cpara llevar a cabo los cuidados de atenci\u00f3n domiciliaria, as\u00ed como la formaci\u00f3n y fomento de los autocuidados entre los colectivos que lo necesiten -cr\u00f3nicos, convalecientes, ancianos fr\u00e1giles, situaciones de postparto,..- y la contrataci\u00f3n de pediatras suficientes para poder garantizar el servicio de pediatr\u00eda de guardia\u201d.&nbsp;<\/p>\n\n\n\n<p>\tPor \u00faltimo, reclaman la restituci\u00f3n del servicio de psiquiatr\u00eda que se ven\u00eda prestando anteriormente en el centro de salud de Riba-roja que ha desaparecido y la solicitud a la conselleria de Sanitat Universal la creaci\u00f3n de un Observatorio de Atenci\u00f3n Primaria en Salud que se encargue de realizar un seguimiento de las pol\u00edticas p\u00fablicas en el \u00e1mbito de la sanidad.&nbsp;<\/p>\n\n\n\n<p>\tEl alcalde de Riba-roja de T\u00faria, Robert Raga, ha subrayado el \u201chast\u00edo de toda la ciudadan\u00eda ante la dejadez y la falta de respuesta que hemos recibido por parte de la empresa privada que se encarga del \u00e1rea de gesti\u00f3n del hospital de Manises del que depende nuestro centro de salud y, por ello, deben ser conscientes de que nuestro municipio merece el m\u00e1ximo respeto ante un servicio esencial como es la sanidad p\u00fablica y universal para todos los ciudadanos; una sanidad acorde a nuestros ciudadanos\u201d.&nbsp;<\/p>\n","protected":false},"excerpt":{"rendered":"<div class=\"mh-excerpt\">El pleno municipal acuerda crear un Consejo Municipal de Salud B\u00e1sico El alcalde de Riba-roja de T\u00faria, Robert Raga, ha solicitado un encuentro con la gerencia del \u00e1rea del Hospital de Manises para reclamar una <a class=\"mh-excerpt-more\" href=\"https:\/\/www.tucomarca.com\/wordpress\/segunda\/riba-roja-reclama-una-atencion-presencial-a-los-pacientes-del-centro-de-salud-y-un-aumento-del-numero-de-medicos-y-personal-sanitario\/\" title=\"Riba-roja reclama una atenci\u00f3n presencial a los pacientes del centro de salud y un aumento del n\u00famero de m\u00e9dicos y personal sanitario\">[+] <\/a><\/div>\n","protected":false},"author":12,"featured_media":113414,"comment_status":"open","ping_status":"open","sticky":false,"template":"","format":"standard","meta":{"footnotes":""},"categories":[46,119,12201,128,8,142,182,3],"tags":[10631,10395,11937,136],"class_list":{"0":"post-113413","1":"post","2":"type-post","3":"status-publish","4":"format-standard","5":"has-post-thumbnail","7":"category-camp-de-turia","8":"category-sanidad-la-comarca","9":"category-covid-19","10":"category-infraestructuras","11":"category-la-comarca","12":"category-politica-la-comarca","13":"category-riba-roja","14":"category-seccion","15":"tag-ajuntament-de-riba-roja","16":"tag-camp-de-turia","17":"tag-coronavirus","18":"tag-hospital-de-manises"},"_links":{"self":[{"href":"https:\/\/www.tucomarca.com\/wordpress\/segunda\/wp-json\/wp\/v2\/posts\/113413","targetHints":{"allow":["GET"]}}],"collection":[{"href":"https:\/\/www.tucomarca.com\/wordpress\/segunda\/wp-json\/wp\/v2\/posts"}],"about":[{"href":"https:\/\/www.tucomarca.com\/wordpress\/segunda\/wp-json\/wp\/v2\/types\/post"}],"author":[{"embeddable":true,"href":"https:\/\/www.tucomarca.com\/wordpress\/segunda\/wp-json\/wp\/v2\/users\/12"}],"replies":[{"embeddable":true,"href":"https:\/\/www.tucomarca.com\/wordpress\/segunda\/wp-json\/wp\/v2\/comments?post=113413"}],"version-history":[{"count":0,"href":"https:\/\/www.tucomarca.com\/wordpress\/segunda\/wp-json\/wp\/v2\/posts\/113413\/revisions"}],"wp:featuredmedia":[{"embeddable":true,"href":"https:\/\/www.tucomarca.com\/wordpress\/segunda\/wp-json\/wp\/v2\/media\/113414"}],"wp:attachment":[{"href":"https:\/\/www.tucomarca.com\/wordpress\/segunda\/wp-json\/wp\/v2\/media?parent=113413"}],"wp:term":[{"taxonomy":"category","embeddable":true,"href":"https:\/\/www.tucomarca.com\/wordpress\/segunda\/wp-json\/wp\/v2\/categories?post=113413"},{"taxonomy":"post_tag","embeddable":true,"href":"https:\/\/www.tucomarca.com\/wordpress\/segunda\/wp-json\/wp\/v2\/tags?post=113413"}],"curies":[{"name":"wp","href":"https:\/\/api.w.org\/{rel}","templated":true}]}}