{"id":113454,"date":"2020-09-13T09:00:41","date_gmt":"2020-09-13T07:00:41","guid":{"rendered":"http:\/\/www.tucomarca.com\/wordpress\/segunda\/?p=113454"},"modified":"2020-09-14T20:39:04","modified_gmt":"2020-09-14T18:39:04","slug":"fotogaleria-asi-ha-finalizado-la-primera-etapa-en-yatova-de-la-volta-ciclista-a-la-provincia-de-valencia-elite-sub-23","status":"publish","type":"post","link":"https:\/\/www.tucomarca.com\/wordpress\/segunda\/fotogaleria-asi-ha-finalizado-la-primera-etapa-en-yatova-de-la-volta-ciclista-a-la-provincia-de-valencia-elite-sub-23\/","title":{"rendered":"Fotogaler\u00eda: as\u00ed ha finalizado la primera etapa en Y\u00e1tova de La Volta Ciclista a la Provincia de Val\u00e8ncia (\u00c9lite\/Sub-23)"},"content":{"rendered":"\n<p>El catal\u00e1n \u00c1lex Mart\u00edn se subi\u00f3 al podio provisional de la Volta a la Provincia de Valencia despu\u00e9s de imponerse, en solitario, en una dif\u00edcil primera etapa por la exigencia y la dificultad de un circuito de con ascenso y descenso del R\u00edo Juanes adem\u00e1s de que los corredores deb\u00edan de completar cinco vueltas en Y\u00e1tova.<\/p>\n\n\n\n<p>\u00c1lex se defendi\u00f3 bien ante la reacci\u00f3n del grupo principal y encar\u00f3 los \u00faltimos cinco kil\u00f3metros con unos 40 segundos de ventaja sobre un grupo muy reducido del que salieron varios ciclistas. Mart\u00edn finalmente se impon\u00eda con 9 segundos de margen sobre el uruguayo Mauricio Moreira (R\u00edas Baixas), 17 sobre Josu\u00e9 G\u00f3mez y 22 sobre ese primer pelot\u00f3n perseguidor. Mart\u00edn adem\u00e1s lidera la clasificaci\u00f3n de la regularidad y la de mejor sub23, mientras que el Kometa-Xstra Cycling Team manda provisionalmente por equipos.<\/p>\n\n\n\n<p>As\u00ed transcurri\u00f3 la primera etapa de esta carrera con salida en Valencia y llegada en Y\u00e1tova, en la que vecinos y visitantes de todas las edades recibieron a los deportistas en las calles para vivir la fiesta del deporte.<\/p>\n\n\n\n<p>El vecino de Y\u00e1tova, Asier Hern\u00e1ndez, en su primer a\u00f1o en la categor\u00eda, protagoniz\u00f3 la entrada del pelot\u00f3n a su pueblo tirando del grupo y recibiendo el \u00e1nimo y el cari\u00f1o de toda la afici\u00f3n.<\/p>\n\n\n\n<p>Asier compite en el equipo de la Pe\u00f1a Ciclista Benic\u00e0ssim y es una de sus promesas para los pr\u00f3ximos a\u00f1os. Hace tan solo dos que est\u00e1 en la competici\u00f3n de alto nivel y lleva muy bien la vida de deportista: disciplina, alimentaci\u00f3n, descanso y los valores del deporte ocupan su d\u00eda a d\u00eda.<\/p>\n\n\n\n<p>Tanto desde la entidad organizadora como desde las instituciones p\u00fablicas se han primado la responsabilidad, la normas sanitarias y la recuperaci\u00f3n gradual de las competiciones deportivas. Tambi\u00e9n los siempre positivos efectos sobre el comercio y los servicios locales.<\/p>\n\n\n\n<ul class=\"wp-block-gallery columns-2 is-cropped wp-block-gallery-1 is-layout-flex wp-block-gallery-is-layout-flex\"><li class=\"blocks-gallery-item\"><figure><img loading=\"lazy\" decoding=\"async\" width=\"787\" height=\"590\" src=\"https:\/\/www.tucomarca.com\/wordpress\/segunda\/wp-content\/uploads\/2020\/09\/2voltaciclistaYatova.jpg\" alt=\"\" data-id=\"113458\" data-link=\"https:\/\/www.tucomarca.com\/wordpress\/segunda\/?attachment_id=113458\" class=\"wp-image-113458\" srcset=\"https:\/\/www.tucomarca.com\/wordpress\/segunda\/wp-content\/uploads\/2020\/09\/2voltaciclistaYatova.jpg 787w, https:\/\/www.tucomarca.com\/wordpress\/segunda\/wp-content\/uploads\/2020\/09\/2voltaciclistaYatova-300x225.jpg 300w, https:\/\/www.tucomarca.com\/wordpress\/segunda\/wp-content\/uploads\/2020\/09\/2voltaciclistaYatova-768x576.jpg 768w, https:\/\/www.tucomarca.com\/wordpress\/segunda\/wp-content\/uploads\/2020\/09\/2voltaciclistaYatova-678x509.jpg 678w, https:\/\/www.tucomarca.com\/wordpress\/segunda\/wp-content\/uploads\/2020\/09\/2voltaciclistaYatova-326x245.jpg 326w, https:\/\/www.tucomarca.com\/wordpress\/segunda\/wp-content\/uploads\/2020\/09\/2voltaciclistaYatova-80x60.jpg 80w\" sizes=\"auto, (max-width: 787px) 100vw, 787px\" \/><\/figure><\/li><li class=\"blocks-gallery-item\"><figure><img loading=\"lazy\" decoding=\"async\" width=\"787\" height=\"568\" src=\"https:\/\/www.tucomarca.com\/wordpress\/segunda\/wp-content\/uploads\/2020\/09\/3voltaciclistaYatova.jpg\" alt=\"\" data-id=\"113460\" data-link=\"https:\/\/www.tucomarca.com\/wordpress\/segunda\/?attachment_id=113460\" class=\"wp-image-113460\" srcset=\"https:\/\/www.tucomarca.com\/wordpress\/segunda\/wp-content\/uploads\/2020\/09\/3voltaciclistaYatova.jpg 787w, https:\/\/www.tucomarca.com\/wordpress\/segunda\/wp-content\/uploads\/2020\/09\/3voltaciclistaYatova-300x217.jpg 300w, https:\/\/www.tucomarca.com\/wordpress\/segunda\/wp-content\/uploads\/2020\/09\/3voltaciclistaYatova-768x554.jpg 768w\" sizes=\"auto, (max-width: 787px) 100vw, 787px\" \/><\/figure><\/li><li class=\"blocks-gallery-item\"><figure><img loading=\"lazy\" decoding=\"async\" width=\"787\" height=\"590\" src=\"https:\/\/www.tucomarca.com\/wordpress\/segunda\/wp-content\/uploads\/2020\/09\/4voltaciclistaYatova.jpg\" alt=\"\" data-id=\"113462\" data-link=\"https:\/\/www.tucomarca.com\/wordpress\/segunda\/?attachment_id=113462\" class=\"wp-image-113462\" srcset=\"https:\/\/www.tucomarca.com\/wordpress\/segunda\/wp-content\/uploads\/2020\/09\/4voltaciclistaYatova.jpg 787w, https:\/\/www.tucomarca.com\/wordpress\/segunda\/wp-content\/uploads\/2020\/09\/4voltaciclistaYatova-300x225.jpg 300w, https:\/\/www.tucomarca.com\/wordpress\/segunda\/wp-content\/uploads\/2020\/09\/4voltaciclistaYatova-768x576.jpg 768w, https:\/\/www.tucomarca.com\/wordpress\/segunda\/wp-content\/uploads\/2020\/09\/4voltaciclistaYatova-678x509.jpg 678w, https:\/\/www.tucomarca.com\/wordpress\/segunda\/wp-content\/uploads\/2020\/09\/4voltaciclistaYatova-326x245.jpg 326w, https:\/\/www.tucomarca.com\/wordpress\/segunda\/wp-content\/uploads\/2020\/09\/4voltaciclistaYatova-80x60.jpg 80w\" sizes=\"auto, (max-width: 787px) 100vw, 787px\" \/><\/figure><\/li><li class=\"blocks-gallery-item\"><figure><img loading=\"lazy\" decoding=\"async\" width=\"787\" height=\"566\" src=\"https:\/\/www.tucomarca.com\/wordpress\/segunda\/wp-content\/uploads\/2020\/09\/5voltaciclistaYatova.jpg\" alt=\"\" data-id=\"113464\" data-link=\"https:\/\/www.tucomarca.com\/wordpress\/segunda\/?attachment_id=113464\" class=\"wp-image-113464\" srcset=\"https:\/\/www.tucomarca.com\/wordpress\/segunda\/wp-content\/uploads\/2020\/09\/5voltaciclistaYatova.jpg 787w, https:\/\/www.tucomarca.com\/wordpress\/segunda\/wp-content\/uploads\/2020\/09\/5voltaciclistaYatova-300x216.jpg 300w, https:\/\/www.tucomarca.com\/wordpress\/segunda\/wp-content\/uploads\/2020\/09\/5voltaciclistaYatova-768x552.jpg 768w\" sizes=\"auto, (max-width: 787px) 100vw, 787px\" \/><\/figure><\/li><li class=\"blocks-gallery-item\"><figure><img loading=\"lazy\" decoding=\"async\" width=\"787\" height=\"442\" src=\"https:\/\/www.tucomarca.com\/wordpress\/segunda\/wp-content\/uploads\/2020\/09\/1voltaciclistaYatova.jpg\" alt=\"\" data-id=\"113456\" data-link=\"https:\/\/www.tucomarca.com\/wordpress\/segunda\/?attachment_id=113456\" class=\"wp-image-113456\" srcset=\"https:\/\/www.tucomarca.com\/wordpress\/segunda\/wp-content\/uploads\/2020\/09\/1voltaciclistaYatova.jpg 787w, https:\/\/www.tucomarca.com\/wordpress\/segunda\/wp-content\/uploads\/2020\/09\/1voltaciclistaYatova-300x168.jpg 300w, https:\/\/www.tucomarca.com\/wordpress\/segunda\/wp-content\/uploads\/2020\/09\/1voltaciclistaYatova-768x431.jpg 768w, https:\/\/www.tucomarca.com\/wordpress\/segunda\/wp-content\/uploads\/2020\/09\/1voltaciclistaYatova-678x381.jpg 678w\" sizes=\"auto, (max-width: 787px) 100vw, 787px\" \/><\/figure><\/li><\/ul>\n","protected":false},"excerpt":{"rendered":"<div class=\"mh-excerpt\">El catal\u00e1n \u00c1lex Mart\u00edn se subi\u00f3 al podio provisional de la Volta a la Provincia de Valencia despu\u00e9s de imponerse, en solitario, en una dif\u00edcil primera etapa por la exigencia y la dificultad de un <a class=\"mh-excerpt-more\" href=\"https:\/\/www.tucomarca.com\/wordpress\/segunda\/fotogaleria-asi-ha-finalizado-la-primera-etapa-en-yatova-de-la-volta-ciclista-a-la-provincia-de-valencia-elite-sub-23\/\" title=\"Fotogaler\u00eda: as\u00ed ha finalizado la primera etapa en Y\u00e1tova de La Volta Ciclista a la Provincia de Val\u00e8ncia (\u00c9lite\/Sub-23)\">[+] <\/a><\/div>\n","protected":false},"author":12,"featured_media":113456,"comment_status":"open","ping_status":"open","sticky":false,"template":"","format":"standard","meta":{"footnotes":""},"categories":[18,173,6,72,10,3,11],"tags":[10702,12552,12553,10661,5952,12550],"class_list":{"0":"post-113454","1":"post","2":"type-post","3":"status-publish","4":"format-standard","5":"has-post-thumbnail","7":"category-bunol","8":"category-ciclismo","9":"category-deportes","10":"category-sin-categorizar","11":"category-la-hoya","12":"category-seccion","13":"category-yatova","14":"tag-ayuntamiento-de-yatova","15":"tag-deprtes","16":"tag-esporets","17":"tag-esports","18":"tag-la-hoya-de-bunol-chiva","19":"tag-volta-ciclista-provincia-de-valencia-elite-sub-23"},"_links":{"self":[{"href":"https:\/\/www.tucomarca.com\/wordpress\/segunda\/wp-json\/wp\/v2\/posts\/113454","targetHints":{"allow":["GET"]}}],"collection":[{"href":"https:\/\/www.tucomarca.com\/wordpress\/segunda\/wp-json\/wp\/v2\/posts"}],"about":[{"href":"https:\/\/www.tucomarca.com\/wordpress\/segunda\/wp-json\/wp\/v2\/types\/post"}],"author":[{"embeddable":true,"href":"https:\/\/www.tucomarca.com\/wordpress\/segunda\/wp-json\/wp\/v2\/users\/12"}],"replies":[{"embeddable":true,"href":"https:\/\/www.tucomarca.com\/wordpress\/segunda\/wp-json\/wp\/v2\/comments?post=113454"}],"version-history":[{"count":0,"href":"https:\/\/www.tucomarca.com\/wordpress\/segunda\/wp-json\/wp\/v2\/posts\/113454\/revisions"}],"wp:featuredmedia":[{"embeddable":true,"href":"https:\/\/www.tucomarca.com\/wordpress\/segunda\/wp-json\/wp\/v2\/media\/113456"}],"wp:attachment":[{"href":"https:\/\/www.tucomarca.com\/wordpress\/segunda\/wp-json\/wp\/v2\/media?parent=113454"}],"wp:term":[{"taxonomy":"category","embeddable":true,"href":"https:\/\/www.tucomarca.com\/wordpress\/segunda\/wp-json\/wp\/v2\/categories?post=113454"},{"taxonomy":"post_tag","embeddable":true,"href":"https:\/\/www.tucomarca.com\/wordpress\/segunda\/wp-json\/wp\/v2\/tags?post=113454"}],"curies":[{"name":"wp","href":"https:\/\/api.w.org\/{rel}","templated":true}]}}