{"id":113635,"date":"2020-09-16T09:00:53","date_gmt":"2020-09-16T07:00:53","guid":{"rendered":"http:\/\/www.tucomarca.com\/wordpress\/segunda\/?p=113635"},"modified":"2020-09-17T09:44:40","modified_gmt":"2020-09-17T07:44:40","slug":"riba-roja-localiza-un-horno-de-vidrio-de-la-epoca-visigoda-en-valencia-la-vella-y-recupera-mas-de-30-monedas-y-joyas-en-la-ciudad-antigua","status":"publish","type":"post","link":"https:\/\/www.tucomarca.com\/wordpress\/segunda\/riba-roja-localiza-un-horno-de-vidrio-de-la-epoca-visigoda-en-valencia-la-vella-y-recupera-mas-de-30-monedas-y-joyas-en-la-ciudad-antigua\/","title":{"rendered":"Riba-roja localiza un horno de vidrio de la \u00e9poca visigoda en Val\u00e8ncia la Vella y recupera m\u00e1s de 30 monedas y joyas en la ciudad antigua"},"content":{"rendered":"\n<p><strong>Los trabajos arqueol\u00f3gicos de este a\u00f1o profundizan en la estructura social<\/strong><\/p>\n\n\n\n<figure class=\"wp-block-image\"><img loading=\"lazy\" decoding=\"async\" width=\"724\" height=\"1024\" src=\"https:\/\/www.tucomarca.com\/wordpress\/segunda\/wp-content\/uploads\/2020\/09\/Riba-rojaarqueologia1-724x1024.jpg\" alt=\"\" class=\"wp-image-113632\" srcset=\"https:\/\/www.tucomarca.com\/wordpress\/segunda\/wp-content\/uploads\/2020\/09\/Riba-rojaarqueologia1-724x1024.jpg 724w, https:\/\/www.tucomarca.com\/wordpress\/segunda\/wp-content\/uploads\/2020\/09\/Riba-rojaarqueologia1-212x300.jpg 212w, https:\/\/www.tucomarca.com\/wordpress\/segunda\/wp-content\/uploads\/2020\/09\/Riba-rojaarqueologia1-768x1086.jpg 768w, https:\/\/www.tucomarca.com\/wordpress\/segunda\/wp-content\/uploads\/2020\/09\/Riba-rojaarqueologia1.jpg 787w\" sizes=\"auto, (max-width: 724px) 100vw, 724px\" \/><\/figure>\n\n\n\n<p>Las prospecciones que se han llevado a cabo durante las dos semanas \u00faltimas en el yacimiento arqueol\u00f3gico de Valencia la Vella, en Riba-roja de T\u00faria, han permitido definir con mayor concreci\u00f3n los usos y costumbres que hab\u00eda en esta antigua ciudad visigoda del siglo VI adenlairada sobre una extensi\u00f3n de cerca de 50.000 metros cuadrados -cinco hect\u00e1reas- y que serv\u00eda como sistema defensivo en la \u00e9poca ante cualquier invasi\u00f3n.<\/p>\n\n\n\n<p>Los trabajos de este a\u00f1o se han visto reducidos por la normativa sanitaria del Covidien-19 y, por tanto, s\u00f3lo han podido trabajar una decena de expertos y estudiosos que han podido profundizar en los estudios de una de las ciudades visigodas m\u00e1s importantes en la pen\u00ednsula que ten\u00eda la ciudad de Toledo como centro del estado central visigodo mientras que Valencia la Vella cumpl\u00eda las funciones de centro urbano militar ante el peligro romano.<\/p>\n\n\n\n<p>Aunque en 2020 no se ha podido celebrar el V Curso Pr\u00e1ctico de Arqueolog\u00eda Cristiana y Visigoda como se ven\u00eda realizando desde el a\u00f1o 2016, en esta ocasi\u00f3n han continuado los trabajos de prospecci\u00f3n y catas arqueol\u00f3gicas hasta el punto de que se ha podido localizar un horno para la producci\u00f3n, posiblemente, de vidrio en una de las zonas dedicadas a los oficios y actividades econ\u00f3micas de la \u00e9poca.<\/p>\n\n\n\n<p>El hallazgo del horno de vidrio se ha completado, adem\u00e1s, con otros de val\u00eda considerable como las 30 monedas visigodas o, incluso, una joya en forma de anillo que, de entrada, podr\u00eda pertenecer a algunas de las familias o nobles que viv\u00edan en uno de los centros defensivos que, poco a poco, permite extraer una mayor conciencia sobre la importancia que Valencia la Vella supon\u00eda en el sistema defensivo visigodo.<\/p>\n\n\n\n<p>Los trabajos de las \u00faltimas semanas han consistido en una profundizaci\u00f3n de los sondeos geof\u00edsicos y el desbroce de una parte del asentamiento de la antigua ciudad visigoda hasta el punto que permite definir con mayor precisi\u00f3n la existencia de una jerarquizaci\u00f3n en el estructura urban\u00edstica, con una esplanissada que hac\u00eda las funciones de almacenamientos de productos de la \u00e9poca, otro barrio de car\u00e1cter eclesi\u00e1stico que denotaba el poder que ten\u00edan en el conjunto de la ciudad y, finalmente, entre dos y tres barrios que se dedicaban a las actividades econ\u00f3micas, en especial la artesan\u00eda predominante.<\/p>\n\n\n\n<p>Las excavaciones han continuado en esta ocasi\u00f3n sobre una buena parte de las zonas de los alrededores de la muralla defensiva que otorgaba conciencia del predominio visigodo a la \u00e9poca con una ciudad estructura con una acr\u00f3polis en la zona m\u00e1s alta todo aprovechando los diversos desniveles que su situaci\u00f3n geof\u00edsica le supon\u00eda gracias a la existencia del mismo r\u00edo y los barrancos de los Pozos y la Cabrassia. La muralla, majestuosa, rodeado todo el asentamiento, con cerca de 400 metros de larga. La jerarquizaci\u00f3n f\u00edsica del recinto es un reflejo de la estructura social de la \u00e9poca.<\/p>\n\n\n\n<p>Una sala noble de cincuenta metros cuadrados en la misma acr\u00f3polis reafirma la impresi\u00f3n que hab\u00eda sobre la importancia de Valencia la Vella en el contexto de una \u00e9poca donde Ribarroja ten\u00eda m\u00e1s poder de decisi\u00f3n que el propio cabeza y casal. La vertiente comercial, con la importaci\u00f3n de vino y aceite, hace pensar en un lugar privilegiado en el circuito de las ciudades mediterr\u00e1neas, a partir de los hallazgos de numerosas monedas y cer\u00e1micas.<\/p>\n\n\n\n<p>Con los hallazgos se perfilan ya los sectores sobre los que se estructuraba la ciudad antigua visigoda como las \u00e1reas artesanales, una plaza \u00abMajor\u00bb en uno de los espacios m\u00e1s c\u00e9ntricos, el \u00e1rea noble de la cima de la acr\u00f3polis de Valencia la Vella y las tres \u00e1reas residenciales en las que viv\u00edan los habitantes del yacimiento arqueol\u00f3gico cuyos trabajos se reanudaron el a\u00f1o 2016 despu\u00e9s de m\u00e1s de 35 a\u00f1os de ausencia.<\/p>\n\n\n\n<p>Las excavaciones, dirigidas bajo la direcci\u00f3n de los profesores y arque\u00f3logos Josep Maria Macias, Albert Ribera y Miquel Rossell\u00f3, refuerzan el yacimiento de Valencia la Vella como uno de los exponentes m\u00e1s majestuosos de la civilizaci\u00f3n visigoda, fundado por el rey Leovigildo a mediados del siglo VI que utilizar para potenciar su poder hasta su fin alrededor del a\u00f1o 700 con la llegada de los musulmanes.<\/p>\n\n\n\n<p>El alcalde de Ribarroja del Turia, Robert Raga, ha agradecido \u00abel esfuerzo y el trabajo que han llevado a cabo los expertos durante las dos semanas en una \u00e9poca muy complicada por la pandemia, todo extremando las medidas sanitarias, y que nos sirven para profundizar m\u00e1s en los estudios sobre nuestro pasado y sobre una de las \u00e9pocas m\u00e1s esplendorosas como es la visigoda, donde Ribarroja era el centro del poder, por delante incluso de Valencia\u00bb.<\/p>\n","protected":false},"excerpt":{"rendered":"<div class=\"mh-excerpt\">Los trabajos arqueol\u00f3gicos de este a\u00f1o profundizan en la estructura social Las prospecciones que se han llevado a cabo durante las dos semanas \u00faltimas en el yacimiento arqueol\u00f3gico de Valencia la Vella, en Riba-roja de <a class=\"mh-excerpt-more\" href=\"https:\/\/www.tucomarca.com\/wordpress\/segunda\/riba-roja-localiza-un-horno-de-vidrio-de-la-epoca-visigoda-en-valencia-la-vella-y-recupera-mas-de-30-monedas-y-joyas-en-la-ciudad-antigua\/\" title=\"Riba-roja localiza un horno de vidrio de la \u00e9poca visigoda en Val\u00e8ncia la Vella y recupera m\u00e1s de 30 monedas y joyas en la ciudad antigua\">[+] <\/a><\/div>\n","protected":false},"author":12,"featured_media":113631,"comment_status":"open","ping_status":"open","sticky":false,"template":"","format":"standard","meta":{"footnotes":""},"categories":[46,128,8,7,182,3],"tags":[10631,10395,8900,12572,12573],"class_list":{"0":"post-113635","1":"post","2":"type-post","3":"status-publish","4":"format-standard","5":"has-post-thumbnail","7":"category-camp-de-turia","8":"category-infraestructuras","9":"category-la-comarca","10":"category-ocio-y-cultura","11":"category-riba-roja","12":"category-seccion","13":"tag-ajuntament-de-riba-roja","14":"tag-camp-de-turia","15":"tag-riba-roja-del-turia","16":"tag-valencia-la-vella","17":"tag-valencia-la-vella-2"},"_links":{"self":[{"href":"https:\/\/www.tucomarca.com\/wordpress\/segunda\/wp-json\/wp\/v2\/posts\/113635","targetHints":{"allow":["GET"]}}],"collection":[{"href":"https:\/\/www.tucomarca.com\/wordpress\/segunda\/wp-json\/wp\/v2\/posts"}],"about":[{"href":"https:\/\/www.tucomarca.com\/wordpress\/segunda\/wp-json\/wp\/v2\/types\/post"}],"author":[{"embeddable":true,"href":"https:\/\/www.tucomarca.com\/wordpress\/segunda\/wp-json\/wp\/v2\/users\/12"}],"replies":[{"embeddable":true,"href":"https:\/\/www.tucomarca.com\/wordpress\/segunda\/wp-json\/wp\/v2\/comments?post=113635"}],"version-history":[{"count":0,"href":"https:\/\/www.tucomarca.com\/wordpress\/segunda\/wp-json\/wp\/v2\/posts\/113635\/revisions"}],"wp:featuredmedia":[{"embeddable":true,"href":"https:\/\/www.tucomarca.com\/wordpress\/segunda\/wp-json\/wp\/v2\/media\/113631"}],"wp:attachment":[{"href":"https:\/\/www.tucomarca.com\/wordpress\/segunda\/wp-json\/wp\/v2\/media?parent=113635"}],"wp:term":[{"taxonomy":"category","embeddable":true,"href":"https:\/\/www.tucomarca.com\/wordpress\/segunda\/wp-json\/wp\/v2\/categories?post=113635"},{"taxonomy":"post_tag","embeddable":true,"href":"https:\/\/www.tucomarca.com\/wordpress\/segunda\/wp-json\/wp\/v2\/tags?post=113635"}],"curies":[{"name":"wp","href":"https:\/\/api.w.org\/{rel}","templated":true}]}}