{"id":113637,"date":"2020-09-16T18:32:32","date_gmt":"2020-09-16T16:32:32","guid":{"rendered":"http:\/\/www.tucomarca.com\/wordpress\/segunda\/?p=113637"},"modified":"2020-09-16T18:41:22","modified_gmt":"2020-09-16T16:41:22","slug":"video-entrevista-jose-morell-confirma-la-inminente-apertura-de-la-sede-de-la-multinacional-jysk-en-cheste","status":"publish","type":"post","link":"https:\/\/www.tucomarca.com\/wordpress\/segunda\/video-entrevista-jose-morell-confirma-la-inminente-apertura-de-la-sede-de-la-multinacional-jysk-en-cheste\/","title":{"rendered":"V\u00eddeo entrevista: Jos\u00e9 Morell confirma la inminente apertura de la sede de la multinacional JYSK en Cheste"},"content":{"rendered":"\n<figure class=\"wp-block-embed-youtube wp-block-embed is-type-video is-provider-youtube wp-embed-aspect-16-9 wp-has-aspect-ratio\"><div class=\"wp-block-embed__wrapper\">\n<iframe loading=\"lazy\" title=\"V\u00eddeo: Jos\u00e9 Morell confirma la inminente apertura de la sede de la multinacional JYSK en Cheste\" width=\"500\" height=\"281\" src=\"https:\/\/www.youtube.com\/embed\/x20gVzw-j6A?feature=oembed\" frameborder=\"0\" allow=\"accelerometer; autoplay; clipboard-write; encrypted-media; gyroscope; picture-in-picture; web-share\" referrerpolicy=\"strict-origin-when-cross-origin\" allowfullscreen><\/iframe>\n<\/div><\/figure>\n\n\n\n<p>El alcalde de Cheste, Jos\u00e9 Morell, confirma la inminente apertura de la sede de la multinacional JYSK en la localidad, durante la v\u00eddeo entrevista mantenida con tucomarca televisi\u00f3n para analizar el estado de la afecci\u00f3n de la pandemia de coronavirus Covid19 en la localidad.<\/p>\n","protected":false},"excerpt":{"rendered":"<div class=\"mh-excerpt\">El alcalde de Cheste, Jos\u00e9 Morell, confirma la inminente apertura de la sede de la multinacional JYSK en la localidad, durante la v\u00eddeo entrevista mantenida con tucomarca televisi\u00f3n para analizar el estado de la afecci\u00f3n <a class=\"mh-excerpt-more\" href=\"https:\/\/www.tucomarca.com\/wordpress\/segunda\/video-entrevista-jose-morell-confirma-la-inminente-apertura-de-la-sede-de-la-multinacional-jysk-en-cheste\/\" title=\"V\u00eddeo entrevista: Jos\u00e9 Morell confirma la inminente apertura de la sede de la multinacional JYSK en Cheste\">[+] <\/a><\/div>\n","protected":false},"author":1,"featured_media":113638,"comment_status":"open","ping_status":"open","sticky":false,"template":"","format":"video","meta":{"footnotes":""},"categories":[119,17,12201,128,8,72,10,117,142,3,116,26],"tags":[339,11937,11938,11951,12574,5952],"class_list":{"0":"post-113637","1":"post","2":"type-post","3":"status-publish","4":"format-video","5":"has-post-thumbnail","7":"category-sanidad-la-comarca","8":"category-cheste","9":"category-covid-19","10":"category-infraestructuras","11":"category-la-comarca","12":"category-sin-categorizar","13":"category-la-hoya","14":"category-medio-ambiente-la-comarca","15":"category-politica-la-comarca","16":"category-seccion","17":"category-sucesos-la-comarca","18":"category-video","19":"tag-cheste-2","20":"tag-coronavirus","21":"tag-covid-19","22":"tag-covid2019","23":"tag-jysk","24":"tag-la-hoya-de-bunol-chiva","25":"post_format-post-format-video"},"_links":{"self":[{"href":"https:\/\/www.tucomarca.com\/wordpress\/segunda\/wp-json\/wp\/v2\/posts\/113637","targetHints":{"allow":["GET"]}}],"collection":[{"href":"https:\/\/www.tucomarca.com\/wordpress\/segunda\/wp-json\/wp\/v2\/posts"}],"about":[{"href":"https:\/\/www.tucomarca.com\/wordpress\/segunda\/wp-json\/wp\/v2\/types\/post"}],"author":[{"embeddable":true,"href":"https:\/\/www.tucomarca.com\/wordpress\/segunda\/wp-json\/wp\/v2\/users\/1"}],"replies":[{"embeddable":true,"href":"https:\/\/www.tucomarca.com\/wordpress\/segunda\/wp-json\/wp\/v2\/comments?post=113637"}],"version-history":[{"count":0,"href":"https:\/\/www.tucomarca.com\/wordpress\/segunda\/wp-json\/wp\/v2\/posts\/113637\/revisions"}],"wp:featuredmedia":[{"embeddable":true,"href":"https:\/\/www.tucomarca.com\/wordpress\/segunda\/wp-json\/wp\/v2\/media\/113638"}],"wp:attachment":[{"href":"https:\/\/www.tucomarca.com\/wordpress\/segunda\/wp-json\/wp\/v2\/media?parent=113637"}],"wp:term":[{"taxonomy":"category","embeddable":true,"href":"https:\/\/www.tucomarca.com\/wordpress\/segunda\/wp-json\/wp\/v2\/categories?post=113637"},{"taxonomy":"post_tag","embeddable":true,"href":"https:\/\/www.tucomarca.com\/wordpress\/segunda\/wp-json\/wp\/v2\/tags?post=113637"}],"curies":[{"name":"wp","href":"https:\/\/api.w.org\/{rel}","templated":true}]}}